{"id":20710,"date":"2018-06-15T19:20:50","date_gmt":"2018-06-15T17:20:50","guid":{"rendered":"http:\/\/www.messinaoggi.it\/website\/?p=20710"},"modified":"2018-06-15T19:20:50","modified_gmt":"2018-06-15T17:20:50","slug":"caso-manca-chiesta-la-riesumazione-della-salma","status":"publish","type":"post","link":"https:\/\/www.messinaoggi.it\/website\/2018\/06\/15\/caso-manca-chiesta-la-riesumazione-della-salma\/","title":{"rendered":"Caso Manca, chiesta la riesumazione della salma"},"content":{"rendered":"<p style=\"text-align: justify;\">Il tossicologo bolognese Salvatore Giancane non ha dubbi, \u00e8 assolutamente necessario che venga riesumato il corpo di Attilio Manca. Questo il risultato della relazione tecnica realizzata su incarico dei legali della famiglia Manca, Antonio Ingroia e Fabio Repici. Ieri mattina i due avvocati hanno formalizzato l\u2019istanza davanti al Gip di Roma Elvira Tamburelli che deve decidere sull&#8217;archiviazione del caso.<div id=\"div-gpt-ad-Messinaoggi.it-DSK-300x250-corpoart\" style=\"text-align:center;margin:0 auto;\"><\/div><\/p>\n<p style=\"text-align: justify;\">La richiesta di riesumazione della salma del giovane urologo originario di Barcellona Pozzo di Gotto\u00a0 segna un ulteriore passo verso la ricerca di una verit\u00e0 che va oltre la morte per overdose avvenuta nel febbraio del 2004 nella sua casa di Viterbo\u00a0 e che invece vede sullo sfondo il capo mafia Bernardo Provenzano e il suo viaggio a Marsiglia per un urgente intervento medico.<div id=\"videoincontent\" style=\"clear:both\";><\/div><\/p>\n<p style=\"text-align: justify;\">&#8220;Sar\u00e0 dolorosissimo, ma spero fermamente che la richiesta venga accolta. Attilio merita verit\u00e0 e giustizia&#8221;, commenta la mamma della vittima, Angela Manca. Il gip di Roma, Elvira Tamburelli, oggi si \u00e8 riservata di decidere; nei prossimi giorni si sapr\u00e0 se l&#8217;inchiesta verr\u00e0 archiviata o se verranno invece imposti altri mesi di indagine. La morte del medico fu inizialmente ritenuta imputabile ad overdose e fu archiviata come suicidio. I genitori per\u00f2 si sono sempre opposti a questa ricostruzione, sostenendo che il figlio fosse stato ucciso per coprire un intervento subito da Bernardo Provenzano a Marsiglia.<\/p>\n<p><em><strong>Immagine di copertina tratta di Internet<\/strong><\/em><\/p>\n","protected":false},"excerpt":{"rendered":"<p>Il tossicologo bolognese Salvatore Giancane non ha dubbi, \u00e8 assolutamente necessario che venga riesumato il corpo di Attilio Manca. Questo il risultato della relazione tecnica realizzata su incarico dei legali della famiglia Manca, Antonio Ingroia e Fabio Repici. Ieri mattina i due avvocati hanno formalizzato l\u2019istanza davanti al Gip di Roma Elvira Tamburelli che deve [&hellip;]<\/p>\n","protected":false},"author":6,"featured_media":20714,"comment_status":"closed","ping_status":"open","sticky":false,"template":"","format":"standard","meta":{"ub_ctt_via":"","_mi_skip_tracking":false},"categories":[5],"tags":[],"featured_image_src":"https:\/\/www.messinaoggi.it\/website\/wp-content\/uploads\/2018\/06\/220px-Attilio_con_mamma_Angela_e_papa_Gino-1.jpg","author_info":{"display_name":"Redazione MessinaOggi.it","author_link":"https:\/\/www.messinaoggi.it\/website\/author\/p-vinci\/"},"digistream_id":0,"digistream":false,"_links":{"self":[{"href":"https:\/\/www.messinaoggi.it\/website\/wp-json\/wp\/v2\/posts\/20710"}],"collection":[{"href":"https:\/\/www.messinaoggi.it\/website\/wp-json\/wp\/v2\/posts"}],"about":[{"href":"https:\/\/www.messinaoggi.it\/website\/wp-json\/wp\/v2\/types\/post"}],"author":[{"embeddable":true,"href":"https:\/\/www.messinaoggi.it\/website\/wp-json\/wp\/v2\/users\/6"}],"replies":[{"embeddable":true,"href":"https:\/\/www.messinaoggi.it\/website\/wp-json\/wp\/v2\/comments?post=20710"}],"version-history":[{"count":0,"href":"https:\/\/www.messinaoggi.it\/website\/wp-json\/wp\/v2\/posts\/20710\/revisions"}],"wp:featuredmedia":[{"embeddable":true,"href":"https:\/\/www.messinaoggi.it\/website\/wp-json\/wp\/v2\/media\/20714"}],"wp:attachment":[{"href":"https:\/\/www.messinaoggi.it\/website\/wp-json\/wp\/v2\/media?parent=20710"}],"wp:term":[{"taxonomy":"category","embeddable":true,"href":"https:\/\/www.messinaoggi.it\/website\/wp-json\/wp\/v2\/categories?post=20710"},{"taxonomy":"post_tag","embeddable":true,"href":"https:\/\/www.messinaoggi.it\/website\/wp-json\/wp\/v2\/tags?post=20710"}],"curies":[{"name":"wp","href":"https:\/\/api.w.org\/{rel}","templated":true}]}}