{"id":207065,"date":"2024-08-01T19:08:01","date_gmt":"2024-08-01T17:08:01","guid":{"rendered":"https:\/\/www.messinaoggi.it\/website\/2024\/08\/01\/carini-si-ritira-contro-lalgerina-khelif-ma-nessuna-pressione\/"},"modified":"2024-08-01T19:08:01","modified_gmt":"2024-08-01T17:08:01","slug":"carini-si-ritira-contro-lalgerina-khelif-ma-nessuna-pressione","status":"publish","type":"post","link":"https:\/\/www.messinaoggi.it\/website\/2024\/08\/01\/carini-si-ritira-contro-lalgerina-khelif-ma-nessuna-pressione\/","title":{"rendered":"Carini si ritira contro l\u2019algerina Khelif \u201cMa nessuna pressione\u201d"},"content":{"rendered":"<div>PARIGI (FRANCIA) (ITALPRESS) &#8211; L&#8217;atteso incontro fra Imane Khelif e Angela Carini negli ottavi del torneo femminile di boxe, categoria 66 kg, \u00e8 durato appena 46 secondi. Dopo un paio di colpi ricevuti, l&#8217;azzurra ha deciso di ritirarsi. Dopo che l&#8217;arbitro ha proclamato l&#8217;algerina come vincitrice, la Carini si \u00e8 inginocchiata al centro del ring fra le lacrime. La presenza a Parigi della Khelif \u00e8 stata oggetto di dibattito nelle scorse ore visto che nel marzo dello scorso anno era stata squalificata alla vigilia della finale per il titolo per gli alti livelli di testosterone. &#8220;Io non sono nessuno per giudicare o prendere una decisione, se questa ragazza \u00e8 qui ci sar\u00e0 un motivo &#8211; ha il commento dell&#8217;azzurra &#8211; Io ho combattuto e sono salita sul ring nonostante le mille polemiche che ci sono state, io non sono nessuno per giudicare. Ho sentito dei colpi molto forti, ho preso colpi, sono una combattente e la mia nazionale lo sa, sono una che anche davanti al dolore non si ferma mai. Se mi sono fermata l&#8217;ho fatto solo per la mia famiglia. E&#8217; stato un incontro irregolare? Non sono nessuno per giudicare&#8221;. Angela spiega di non essersela &#8220;pi\u00f9 sentita di combattere dopo il primo minuto. Ho iniziato a sentire un dolore forte al naso, non \u00e8 da me arrendermi, \u00e8 proprio perch\u00e8 non ci riuscivo, ho detto basta e messo fine al match. Io sono salita sul ring per mio padre, la scorsa Olimpiade mio padre era in fin di vita, questa era la mia Olimpiade e volevo percorrere l&#8217;ultimo chilometro. Se ho avuto paura di farmi male? Non ho mai avuto paura di farmi male, quando scavalchi il ring sei consapevole di poter andare al tappeto ma non ce la facevo a portare al termine il match. Ho sentito un dolore forte forte al naso. Perch\u00e8 mi sono inginocchiata? L&#8217;ho fatto per mio padre&#8221;. &#8220;La volont\u00e0 dell&#8217;atleta \u00e8 principe, va sempre rispettata &#8211; ha commentato all&#8217;Agenzia Italpress il presidente della Federboxe, Flavio D&#8217;Ambrosi &#8211; Anche in questo caso l&#8217;atleta ha scelto liberamente e la sua volont\u00e0 va rispettata. Pi\u00f9 in generale, mi preme evidenziare che in futuro, ovvero nei prossimi Giochi olimpici, sar\u00e0 necessario che il movimento pugilistico internazionale ritrovi una Federazione, riconosciuta dal Cio, che si occupi di attuare e far rispettare le regole tecniche della competizione agonistica del pugilato. In questa maniera, ritroveremo quella giusta separazione di competenze tra il Cio, deputato allo sviluppo, coordinamento e alla vigilanza del movimento olimpico e dei suoi valori, e la Federazione internazionale impegnata nella diretta organizzazione logistica delle gare e nell&#8217;attuazione delle regole tecniche. Per questo spero che nei prossimi mesi il pugilato ritrovi il suo punto di riferimento internazionale e a Los Angeles 2028 ci sia nuovamente una Federazione che gestisca la competizione olimpica&#8221;. &#8220;Nessuna pressione politica &#8211; aggiunge il direttore tecnico Emanuele Renzini sul ritiro di Angela Carini nel match contro l&#8217;algerina Imane Khelif &#8211; Lei ha provato ancora dieci secondi, poi ha detto basta, si \u00e8 girata verso di me, voleva smettere. Forse ha preso un pugno, quando senti un impatto diverso dal solito l\u00ec si innescano meccanismi di auotodifesa. Credo sia una decisione presa di impulso sul momento. Sono arrivati centinaia di messaggi che la invitavano a non salire, sarebbe stato pi\u00f9 facile dire &#8220;no, non salgo&#8221; ma invece ha voluto combattere&#8221;. <br \/>Del caso Khelif ha parlato anche la premier Giorgia Meloni da Casa Italia a Parigi. &#8220;Non sono d&#8217;accordo con la scelta del Cio, ma da anni. Quando nel 2021 il Cio cambi\u00f2 il regolamento presentammo una mozione per presentare le conseguenze che poteva avere. Ringrazio Angela Carini per come si \u00e8 battuta anche se non siamo riusciti a vederla salvo piccoli flash. Si \u00e8 ritirata? Mi dispiace ancora di pi\u00f9, mi ero emozionata ieri quando ha scritto &#8220;combatter\u00f2&#8221; perch\u00e8 in queste cose sicuramente conta anche la dedizione, la testa e il carattere. Per\u00f2 poi conta anche il poter competere ad armi pari e questa, dal mio punto di vista, non era una gara pari&#8221;.<br \/>&#8211; foto Ipa Agency &#8211;<br \/>(ITALPRESS).<\/div>\n<div id=\"div-gpt-ad-Messinaoggi.it-DSK-300x250-corpoart\" style=\"text-align:center;margin:0 auto;\"><\/div><\/p><div id=\"videoincontent\" style=\"clear:both\";><\/div>","protected":false},"excerpt":{"rendered":"<p>PARIGI (FRANCIA) (ITALPRESS) &#8211; L&#8217;atteso incontro fra Imane Khelif e Angela Carini negli ottavi del torneo femminile di boxe, categoria 66 kg, \u00e8 durato appena 46 secondi. Dopo un paio di colpi ricevuti, l&#8217;azzurra ha deciso di ritirarsi. Dopo che l&#8217;arbitro ha proclamato l&#8217;algerina come vincitrice, la Carini si \u00e8 inginocchiata al centro del ring [&hellip;]<\/p>\n","protected":false},"author":18,"featured_media":207066,"comment_status":"closed","ping_status":"closed","sticky":false,"template":"","format":"standard","meta":{"ub_ctt_via":"","_mi_skip_tracking":false},"categories":[446],"tags":[783],"featured_image_src":"https:\/\/www.messinaoggi.it\/website\/wp-content\/uploads\/2024\/08\/20240801_0872.jpg","author_info":{"display_name":"Admin","author_link":"https:\/\/www.messinaoggi.it\/website\/author\/admin\/"},"digistream_id":0,"digistream":false,"_links":{"self":[{"href":"https:\/\/www.messinaoggi.it\/website\/wp-json\/wp\/v2\/posts\/207065"}],"collection":[{"href":"https:\/\/www.messinaoggi.it\/website\/wp-json\/wp\/v2\/posts"}],"about":[{"href":"https:\/\/www.messinaoggi.it\/website\/wp-json\/wp\/v2\/types\/post"}],"author":[{"embeddable":true,"href":"https:\/\/www.messinaoggi.it\/website\/wp-json\/wp\/v2\/users\/18"}],"replies":[{"embeddable":true,"href":"https:\/\/www.messinaoggi.it\/website\/wp-json\/wp\/v2\/comments?post=207065"}],"version-history":[{"count":0,"href":"https:\/\/www.messinaoggi.it\/website\/wp-json\/wp\/v2\/posts\/207065\/revisions"}],"wp:featuredmedia":[{"embeddable":true,"href":"https:\/\/www.messinaoggi.it\/website\/wp-json\/wp\/v2\/media\/207066"}],"wp:attachment":[{"href":"https:\/\/www.messinaoggi.it\/website\/wp-json\/wp\/v2\/media?parent=207065"}],"wp:term":[{"taxonomy":"category","embeddable":true,"href":"https:\/\/www.messinaoggi.it\/website\/wp-json\/wp\/v2\/categories?post=207065"},{"taxonomy":"post_tag","embeddable":true,"href":"https:\/\/www.messinaoggi.it\/website\/wp-json\/wp\/v2\/tags?post=207065"}],"curies":[{"name":"wp","href":"https:\/\/api.w.org\/{rel}","templated":true}]}}