{"id":207045,"date":"2024-08-01T17:08:07","date_gmt":"2024-08-01T15:08:07","guid":{"rendered":"https:\/\/www.messinaoggi.it\/website\/2024\/08\/01\/meloni-a-parigi-per-le-olimpiadi-giusto-esserci-per-gli-azzurri\/"},"modified":"2024-08-01T17:08:07","modified_gmt":"2024-08-01T15:08:07","slug":"meloni-a-parigi-per-le-olimpiadi-giusto-esserci-per-gli-azzurri","status":"publish","type":"post","link":"https:\/\/www.messinaoggi.it\/website\/2024\/08\/01\/meloni-a-parigi-per-le-olimpiadi-giusto-esserci-per-gli-azzurri\/","title":{"rendered":"Meloni a Parigi per le Olimpiadi \u201cGiusto esserci per gli azzurri\u201d"},"content":{"rendered":"<div>PARIGI (FRANCIA) (ITALPRESS) &#8211; &#8220;Di ritorno da un&#8217;impegnativa missione in Cina abbiamo scelto e voluto passare anche qui a Parigi a salutare atleti a ringraziare l&#8217;organizzazione e il Coni. Ho pensato fosse giusto e necessario esserci seppure molto velocemente per questi atleti che fanno sacrifici per anni solo per pochi minuti sperando di sentire suonare l&#8217;inno nazionale, di vedere sventolare la bandiera tricolore e penso che la Nazione nel suo complesso debba dire grazie a loro per questi sacrifici, questo impegno e questa dedizione&#8221;. Lo ha dichiarato il presidente del Consiglio Giorgia Meloni, a Casa Italia a Parigi in occasione dei Giochi olimpici dove assister\u00e0 ad alcune gare della giornata. &#8220;Vedremo la pallavolo, la ginnastica artistica ma ogni gara \u00e8 bella e importante. Credo che a loro non faccia differenza se c&#8217;\u00e8 tra il pubblico il presidente del Consiglio oppure no per\u00f2 chiaramente \u00e8 un altro modo di tifare perch\u00e8 io sono una tifosa dell&#8217;Italia e dei nostri atleti e quindi<br \/>sar\u00e0 una bella giornata&#8221; ha detto la premier che ha risposto alla domanda sulle condizioni della Senna, teatro di alcune gare olimpiche. &#8220;Ancora non l&#8217;ho guardata bene. Sicuramente i due fiumi si somigliano, penso che scegliere di fare la gara di triathlon fosse una scelta suggestiva poi ho visto che ha creato molte polemiche. Non entro nella materia perch\u00e8 sono materie che riguardano pi\u00f9 la scienza da un certo punto di vista, cerchiamo di evitare le polemiche&#8221;. E su un possibile incontro con Macron, Meloni ha detto:&#8221;Con il presidente Macron siamo in contatto. Lui oggi non \u00e8 a Parigi, dipende se fra quando lui torna e quando io riparto riusciamo ad incastrarci, volentieri. I nostri staff si stanno sentendo per capire gli orari&#8221;.<br \/>&#8211; foto Italpress &#8211;<br \/>(ITALPRESS).<\/div>\n<div id=\"div-gpt-ad-Messinaoggi.it-DSK-300x250-corpoart\" style=\"text-align:center;margin:0 auto;\"><\/div><\/p><div id=\"videoincontent\" style=\"clear:both\";><\/div>","protected":false},"excerpt":{"rendered":"<p>PARIGI (FRANCIA) (ITALPRESS) &#8211; &#8220;Di ritorno da un&#8217;impegnativa missione in Cina abbiamo scelto e voluto passare anche qui a Parigi a salutare atleti a ringraziare l&#8217;organizzazione e il Coni. Ho pensato fosse giusto e necessario esserci seppure molto velocemente per questi atleti che fanno sacrifici per anni solo per pochi minuti sperando di sentire suonare [&hellip;]<\/p>\n","protected":false},"author":18,"featured_media":207046,"comment_status":"closed","ping_status":"closed","sticky":false,"template":"","format":"standard","meta":{"ub_ctt_via":"","_mi_skip_tracking":false},"categories":[446],"tags":[783],"featured_image_src":"https:\/\/www.messinaoggi.it\/website\/wp-content\/uploads\/2024\/08\/20240801_0622.jpg","author_info":{"display_name":"Admin","author_link":"https:\/\/www.messinaoggi.it\/website\/author\/admin\/"},"digistream_id":0,"digistream":false,"_links":{"self":[{"href":"https:\/\/www.messinaoggi.it\/website\/wp-json\/wp\/v2\/posts\/207045"}],"collection":[{"href":"https:\/\/www.messinaoggi.it\/website\/wp-json\/wp\/v2\/posts"}],"about":[{"href":"https:\/\/www.messinaoggi.it\/website\/wp-json\/wp\/v2\/types\/post"}],"author":[{"embeddable":true,"href":"https:\/\/www.messinaoggi.it\/website\/wp-json\/wp\/v2\/users\/18"}],"replies":[{"embeddable":true,"href":"https:\/\/www.messinaoggi.it\/website\/wp-json\/wp\/v2\/comments?post=207045"}],"version-history":[{"count":0,"href":"https:\/\/www.messinaoggi.it\/website\/wp-json\/wp\/v2\/posts\/207045\/revisions"}],"wp:featuredmedia":[{"embeddable":true,"href":"https:\/\/www.messinaoggi.it\/website\/wp-json\/wp\/v2\/media\/207046"}],"wp:attachment":[{"href":"https:\/\/www.messinaoggi.it\/website\/wp-json\/wp\/v2\/media?parent=207045"}],"wp:term":[{"taxonomy":"category","embeddable":true,"href":"https:\/\/www.messinaoggi.it\/website\/wp-json\/wp\/v2\/categories?post=207045"},{"taxonomy":"post_tag","embeddable":true,"href":"https:\/\/www.messinaoggi.it\/website\/wp-json\/wp\/v2\/tags?post=207045"}],"curies":[{"name":"wp","href":"https:\/\/api.w.org\/{rel}","templated":true}]}}