{"id":207043,"date":"2024-08-01T16:03:01","date_gmt":"2024-08-01T14:03:01","guid":{"rendered":"https:\/\/www.messinaoggi.it\/website\/2024\/08\/01\/gemellaggio-diocesi-mazara-tunisi-presenza-come-operatori-di-pace\/"},"modified":"2024-08-01T21:07:35","modified_gmt":"2024-08-01T19:07:35","slug":"gemellaggio-diocesi-mazara-tunisi-presenza-come-operatori-di-pace","status":"publish","type":"post","link":"https:\/\/www.messinaoggi.it\/website\/2024\/08\/01\/gemellaggio-diocesi-mazara-tunisi-presenza-come-operatori-di-pace\/","title":{"rendered":"Gemellaggio Diocesi Mazara-Tunisi, \u201cPresenza come operatori di pace\u201d"},"content":{"rendered":"<div>\n<p>MAZARA DEL VALLO (TRAPANI) (ITALPRESS) \u2013 E\u2019 in corso a Tunisi la nuova visita del Vescovo di Mazara del Vallo, monsignor Angelo Giurdanella, che \u00e8 tornato nella Chiesa gemellata con quella mazarese per incontrare il nuovo Arcivescovo della citt\u00e0 monsignor Nicolas Lhernould, ordinato da poche settimane. Le due Chiese locali \u2013 Tunisi e Mazara del Vallo \u2013 sono gemellate da decenni, intrattenendo rapporti fervidi di collaborazione da una sponda all\u2019altra.<br \/>\nMonsignor Giurdanella e monsignor Lhernould stanno visitando alcune realt\u00e0 ecclesiastiche che si occupano di carit\u00e0, di giovani e bambini. \u201cInsieme possiamo oggi rinnovare il nostro patto di sorernit\u00e0 ecclesiale per uno stile di presenza testimoniale nel Mediterraneo come operatori di pace, attraversando con la sapienza mite del Vangelo il polverone della violenza e della guerra che quotidianamente minano ogni certezza, con la speranza di un mondo dove ognuno si senta fratello e sorella per rianimare la vocazione del nostro Mediterraneo all\u2019incontro e alla costruzione della pace. Ogni incontro \u00e8 generativo di vita buona, santa e beata\u201d, ha scritto il Vescovo di Mazara del Vallo nel suo messaggio rivolto a monsignor Lhernould. Monsignor Giurdanella ha evidenziato come \u201cla minorit\u00e0 \u00e8 il nostro comune luogo necessario. Non possiamo stare in silenzio o, vorrei dire, non schierarci di fronte al grido e ai drammi che accadono nell\u2019umanit\u00e0\u201d. E il Vescovo di Mazara ha ribadito, altres\u00ec, come \u201cle due Chiese sorelle stanno dalla parte degli ultimi, stanno dalla parte delle vittime innocenti, stanno dalla parte di Dio perch\u00e8 ragionano con l\u2019esserci del Crocifisso-Risorto in ogni storia di ingiustizia e di innocenza perseguitata\u201d.<br \/>\nAd accompagnare il Vescovo Giurdanella ci sono anche don Marco Laudicina e don Francesco Fiorino, direttore dell\u2019Ufficio del gemellaggio tra le due Chiese. In occasione di queste nuove attivit\u00e0 del gemellaggio (gi\u00e0 qualche mese addietro un gruppo di fedeli e presbiteri \u00e8 stato in visita a Tunisi) in Diocesi sono stati raccolti 3.070,40 euro per sostenere le attivit\u00e0 del gemellaggio.<br \/>\n\u2013 foto ufficio stampa Diocesi di Mazara del Vallo \u2013<br \/>\n(ITALPRESS).<div id=\"div-gpt-ad-Messinaoggi.it-DSK-300x250-corpoart\" style=\"text-align:center;margin:0 auto;\"><\/div><\/p>\n<\/div>\n<div id=\"videoincontent\" style=\"clear:both\";><\/div>","protected":false},"excerpt":{"rendered":"<p>MAZARA DEL VALLO (TRAPANI) (ITALPRESS) \u2013 E\u2019 in corso a Tunisi la nuova visita del Vescovo di Mazara del Vallo, monsignor Angelo Giurdanella, che \u00e8 tornato nella Chiesa gemellata con quella mazarese per incontrare il nuovo Arcivescovo della citt\u00e0 monsignor Nicolas Lhernould, ordinato da poche settimane. Le due Chiese locali \u2013 Tunisi e Mazara del [&hellip;]<\/p>\n","protected":false},"author":18,"featured_media":207044,"comment_status":"closed","ping_status":"closed","sticky":false,"template":"","format":"standard","meta":{"ub_ctt_via":"","_mi_skip_tracking":false},"categories":[11,2449],"tags":[783],"featured_image_src":"https:\/\/www.messinaoggi.it\/website\/wp-content\/uploads\/2024\/08\/20240801_0422.jpg","author_info":{"display_name":"Admin","author_link":"https:\/\/www.messinaoggi.it\/website\/author\/admin\/"},"digistream_id":0,"digistream":false,"_links":{"self":[{"href":"https:\/\/www.messinaoggi.it\/website\/wp-json\/wp\/v2\/posts\/207043"}],"collection":[{"href":"https:\/\/www.messinaoggi.it\/website\/wp-json\/wp\/v2\/posts"}],"about":[{"href":"https:\/\/www.messinaoggi.it\/website\/wp-json\/wp\/v2\/types\/post"}],"author":[{"embeddable":true,"href":"https:\/\/www.messinaoggi.it\/website\/wp-json\/wp\/v2\/users\/18"}],"replies":[{"embeddable":true,"href":"https:\/\/www.messinaoggi.it\/website\/wp-json\/wp\/v2\/comments?post=207043"}],"version-history":[{"count":1,"href":"https:\/\/www.messinaoggi.it\/website\/wp-json\/wp\/v2\/posts\/207043\/revisions"}],"predecessor-version":[{"id":207071,"href":"https:\/\/www.messinaoggi.it\/website\/wp-json\/wp\/v2\/posts\/207043\/revisions\/207071"}],"wp:featuredmedia":[{"embeddable":true,"href":"https:\/\/www.messinaoggi.it\/website\/wp-json\/wp\/v2\/media\/207044"}],"wp:attachment":[{"href":"https:\/\/www.messinaoggi.it\/website\/wp-json\/wp\/v2\/media?parent=207043"}],"wp:term":[{"taxonomy":"category","embeddable":true,"href":"https:\/\/www.messinaoggi.it\/website\/wp-json\/wp\/v2\/categories?post=207043"},{"taxonomy":"post_tag","embeddable":true,"href":"https:\/\/www.messinaoggi.it\/website\/wp-json\/wp\/v2\/tags?post=207043"}],"curies":[{"name":"wp","href":"https:\/\/api.w.org\/{rel}","templated":true}]}}