{"id":20700,"date":"2018-06-15T18:05:28","date_gmt":"2018-06-15T16:05:28","guid":{"rendered":"http:\/\/www.messinaoggi.it\/website\/?p=20700"},"modified":"2018-06-15T18:05:28","modified_gmt":"2018-06-15T16:05:28","slug":"dimissioni-cda-riscossione-sicilia-appello-della-uil-a-musumeci","status":"publish","type":"post","link":"https:\/\/www.messinaoggi.it\/website\/2018\/06\/15\/dimissioni-cda-riscossione-sicilia-appello-della-uil-a-musumeci\/","title":{"rendered":"Dimissioni CdA Riscossione Sicilia, appello della UIL a Musumeci"},"content":{"rendered":"<p style=\"text-align: justify\">Le dimissioni del CdA di Riscossione Sicilia preoccupano e non poco i sindacati, che per scongiurare il prolungamento di questa situazione di incertezza rivolgono un appello al governo nazionale e a quello regionale affinch\u00e9 si facciano passi avanti verso l&#8217;accorpamento dell&#8217;azienda che opera nell&#8217;Isola all\u2019Agenzia delle Entrate nazionale.<div id=\"div-gpt-ad-Messinaoggi.it-DSK-300x250-corpoart\" style=\"text-align:center;margin:0 auto;\"><\/div><\/p>\n<p style=\"text-align: justify\">\u201cSituazione grave. Adesso Governo Musumeci proceda con accorpamento\u201d Lo affermano Claudio Barone, segretario generale della Uil Sicilia, e Giuseppe Gargano, segretario della Uilca Sicilia, che aggiungono: <em>\u201cCi rendiamo conto che il governo nazionale si \u00e8 insediato da poco e che si tratta di una partita delicata ma in ballo c\u2019\u00e8 il futuro dei dipendenti e di tutto il sistema di esazione. La nostra regione non pu\u00f2 perdere credibilit\u00e0, per questo chiediamo una convocazione. Servono garanzie e una road map definita\u201d.<\/em><div id=\"videoincontent\" style=\"clear:both\";><\/div><\/p>\n","protected":false},"excerpt":{"rendered":"<p>Le dimissioni del CdA di Riscossione Sicilia preoccupano e non poco i sindacati, che per scongiurare il prolungamento di questa situazione di incertezza rivolgono un appello al governo nazionale e a quello regionale affinch\u00e9 si facciano passi avanti verso l&#8217;accorpamento dell&#8217;azienda che opera nell&#8217;Isola all\u2019Agenzia delle Entrate nazionale. \u201cSituazione grave. Adesso Governo Musumeci proceda con [&hellip;]<\/p>\n","protected":false},"author":6,"featured_media":20702,"comment_status":"closed","ping_status":"open","sticky":false,"template":"","format":"standard","meta":{"ub_ctt_via":"","_mi_skip_tracking":false},"categories":[11],"tags":[],"featured_image_src":"https:\/\/www.messinaoggi.it\/website\/wp-content\/uploads\/2018\/06\/logo_riscossione_sicilia-800x500_c-1.png","author_info":{"display_name":"Redazione MessinaOggi.it","author_link":"https:\/\/www.messinaoggi.it\/website\/author\/p-vinci\/"},"digistream_id":0,"digistream":false,"_links":{"self":[{"href":"https:\/\/www.messinaoggi.it\/website\/wp-json\/wp\/v2\/posts\/20700"}],"collection":[{"href":"https:\/\/www.messinaoggi.it\/website\/wp-json\/wp\/v2\/posts"}],"about":[{"href":"https:\/\/www.messinaoggi.it\/website\/wp-json\/wp\/v2\/types\/post"}],"author":[{"embeddable":true,"href":"https:\/\/www.messinaoggi.it\/website\/wp-json\/wp\/v2\/users\/6"}],"replies":[{"embeddable":true,"href":"https:\/\/www.messinaoggi.it\/website\/wp-json\/wp\/v2\/comments?post=20700"}],"version-history":[{"count":0,"href":"https:\/\/www.messinaoggi.it\/website\/wp-json\/wp\/v2\/posts\/20700\/revisions"}],"wp:featuredmedia":[{"embeddable":true,"href":"https:\/\/www.messinaoggi.it\/website\/wp-json\/wp\/v2\/media\/20702"}],"wp:attachment":[{"href":"https:\/\/www.messinaoggi.it\/website\/wp-json\/wp\/v2\/media?parent=20700"}],"wp:term":[{"taxonomy":"category","embeddable":true,"href":"https:\/\/www.messinaoggi.it\/website\/wp-json\/wp\/v2\/categories?post=20700"},{"taxonomy":"post_tag","embeddable":true,"href":"https:\/\/www.messinaoggi.it\/website\/wp-json\/wp\/v2\/tags?post=20700"}],"curies":[{"name":"wp","href":"https:\/\/api.w.org\/{rel}","templated":true}]}}