{"id":20697,"date":"2018-06-15T18:07:45","date_gmt":"2018-06-15T16:07:45","guid":{"rendered":"http:\/\/www.messinaoggi.it\/website\/?p=20697"},"modified":"2018-06-15T18:07:45","modified_gmt":"2018-06-15T16:07:45","slug":"tutto-pronto-per-la-14-a-edizione-del-memorial-arturo-mastroieni","status":"publish","type":"post","link":"https:\/\/www.messinaoggi.it\/website\/2018\/06\/15\/tutto-pronto-per-la-14-a-edizione-del-memorial-arturo-mastroieni\/","title":{"rendered":"Tutto pronto per la 14.a edizione del \u201cMemorial Arturo Mastroieni\u201d"},"content":{"rendered":"<p style=\"text-align: justify\">La gara podistica di domenica 17 giugno \u00e8 organizzata dall\u2019Atletica Savoca e si svolger\u00e0 con il controllo del gruppo giudici-gara \u201cFratelli Tiano\u201d. Il circuito pianeggiante di 2 km \u00e8 stato ricavato sul lungomare, con partenza ed arrivo posti di fronte alla Villa Genovesi.<div id=\"div-gpt-ad-Messinaoggi.it-DSK-300x250-corpoart\" style=\"text-align:center;margin:0 auto;\"><\/div><\/p>\n<p style=\"text-align: justify\">E\u2019 tutto pronto a Sant\u2019Alessio Siculo per la 14^ edizione del \u201cMemorial Arturo Mastroieni\u201d,in calendario domenica 17 giugno e valida come quinta prova della \u201cWinteRun Cup\u201d FIDAL Messina. La gara podistica \u00e8 organizzata dall\u2019Atletica Savoca del presidente Manuela Trimarchi e si svolger\u00e0 con il controllo del gruppo giudici \u201cFratelli Tiano\u201d. Arturo Mastroieni \u00e8 stato un personaggio di grande rilievo nel panorama sportivo nazionale, poich\u00e9 fu il primo atleta siciliano a partecipare agli Europei e successivamente l\u2019unico presente nel 1936 alla rassegna olimpica di Berlino, dove corse i 5000 metri in 15\u201902\u201d2, giungendo al sesto posto.<div id=\"videoincontent\" style=\"clear:both\";><\/div><\/p>\n<p style=\"text-align: justify\">\nSecondo il programma tecnico, gareggeranno al \u201cMemorial Mastroieni\u201d gli atleti appartenenti alle categorie: Esordienti A-B-C, Ragazzi, Cadetti, Allievi, Juniores, Promesse e Seniores (suddivisi per fasce d\u2019et\u00e0). Il circuito totalmente pianeggiante di 2 km \u00e8 stato ricavato sul lungomare della ridente localit\u00e0 jonica, con partenza ed arrivo posti di fronte alla Villa Genovesi. Alle 17.30 riunione di giuria e concorrenti, quindi spazio alle competizioni giovanili: Esordienti (da 250 a 600 metri), Ragazzi\/e (1200 metri), Cadetti\/e (2 km), Allieve (3,2 km). Gli Allievi effettueranno (start ore 19) due giri assieme ai pi\u00f9 grandi, che completeranno, invece, quattro tornate per complessivi 8 km. Dalle 20 il via a ristoro e premiazione. L\u2019anno scorso si imposero Giuseppe Trimarchi (Atletica Villafranca) e Nadiya Sukharyna della Torrebianca rispettivamente in 27\u201929\u201d e 31\u201937\u201d.<\/p>\n<p style=\"text-align: justify\">IL PROGRAMMA ORARIO DELLA MANIFESTAZIONE:<br \/>\nOre 17:30 Riunione Giuria e Concorrenti<br \/>\nOre 18:10 Partenza ESORDIENTI C Mt. 250;<br \/>\nOre 18:20 Partenza ESORDIENTI B Mt. 400;<br \/>\nOre 18:30 Partenza ESORDIENTI A Mt. 600;<br \/>\nOre 18:40 Partenza RAGAZZI Mt. 1.200;<br \/>\nOre 18:50 Partenza CADETTI Mt 2.000;<br \/>\nOre 19:00 Partenza ALLIEVE Mt. 3.200;<br \/>\nOre 19:00 Partenza ALLIEVI Mt. 4.000;<br \/>\nOre 19:00 Partenza tutte le categorie \u2013 Premiazione Cat. Giovanili Mt. 8.000;<br \/>\nOre 20:00 Premiazione.<\/p>\n","protected":false},"excerpt":{"rendered":"<p>La gara podistica di domenica 17 giugno \u00e8 organizzata dall\u2019Atletica Savoca e si svolger\u00e0 con il controllo del gruppo giudici-gara \u201cFratelli Tiano\u201d. Il circuito pianeggiante di 2 km \u00e8 stato ricavato sul lungomare, con partenza ed arrivo posti di fronte alla Villa Genovesi. E\u2019 tutto pronto a Sant\u2019Alessio Siculo per la 14^ edizione del \u201cMemorial [&hellip;]<\/p>\n","protected":false},"author":6,"featured_media":0,"comment_status":"closed","ping_status":"open","sticky":false,"template":"","format":"standard","meta":{"ub_ctt_via":"","_mi_skip_tracking":false},"categories":[9],"tags":[],"featured_image_src":null,"author_info":{"display_name":"Redazione MessinaOggi.it","author_link":"https:\/\/www.messinaoggi.it\/website\/author\/p-vinci\/"},"digistream_id":0,"digistream":false,"_links":{"self":[{"href":"https:\/\/www.messinaoggi.it\/website\/wp-json\/wp\/v2\/posts\/20697"}],"collection":[{"href":"https:\/\/www.messinaoggi.it\/website\/wp-json\/wp\/v2\/posts"}],"about":[{"href":"https:\/\/www.messinaoggi.it\/website\/wp-json\/wp\/v2\/types\/post"}],"author":[{"embeddable":true,"href":"https:\/\/www.messinaoggi.it\/website\/wp-json\/wp\/v2\/users\/6"}],"replies":[{"embeddable":true,"href":"https:\/\/www.messinaoggi.it\/website\/wp-json\/wp\/v2\/comments?post=20697"}],"version-history":[{"count":0,"href":"https:\/\/www.messinaoggi.it\/website\/wp-json\/wp\/v2\/posts\/20697\/revisions"}],"wp:attachment":[{"href":"https:\/\/www.messinaoggi.it\/website\/wp-json\/wp\/v2\/media?parent=20697"}],"wp:term":[{"taxonomy":"category","embeddable":true,"href":"https:\/\/www.messinaoggi.it\/website\/wp-json\/wp\/v2\/categories?post=20697"},{"taxonomy":"post_tag","embeddable":true,"href":"https:\/\/www.messinaoggi.it\/website\/wp-json\/wp\/v2\/tags?post=20697"}],"curies":[{"name":"wp","href":"https:\/\/api.w.org\/{rel}","templated":true}]}}