{"id":206939,"date":"2024-07-31T22:08:01","date_gmt":"2024-07-31T20:08:01","guid":{"rendered":"https:\/\/www.messinaoggi.it\/website\/2024\/07\/31\/da-procura-parere-favorevole-a-revoca-domiciliari-per-giovanni-toti\/"},"modified":"2024-07-31T22:08:01","modified_gmt":"2024-07-31T20:08:01","slug":"da-procura-parere-favorevole-a-revoca-domiciliari-per-giovanni-toti","status":"publish","type":"post","link":"https:\/\/www.messinaoggi.it\/website\/2024\/07\/31\/da-procura-parere-favorevole-a-revoca-domiciliari-per-giovanni-toti\/","title":{"rendered":"Da Procura parere favorevole a revoca domiciliari per Giovanni Toti"},"content":{"rendered":"<div>GENOVA (ITALPRESS) &#8211; La Procura di Genova ha dato parere favorevole all&#8217;istanza di revoca degli arresti domiciliari per Giovanni Toti presentata dall&#8217;avvocato Stefano Savi dopo le dimissioni dell&#8217;ex presidente della Liguria. La decisione finale spetta alla gip Paola Faggioni ed \u00e8 attesa per domani o venerd\u00ec. La stessa Faggioni \u00e8 chiamata anche ad accogliere o meno la richiesta di giudizio immediato per Toti, l&#8217;imprenditore Aldo Spinelli e l&#8217;ex presidente dell&#8217;Autorit\u00e0 portuale Paolo Emilio Signorini depositata dalla Procura. <div id=\"div-gpt-ad-Messinaoggi.it-DSK-300x250-corpoart\" style=\"text-align:center;margin:0 auto;\"><\/div><\/p>\n<p>foto: Agenzia Fotogramma<div id=\"videoincontent\" style=\"clear:both\";><\/div><\/p>\n<p>(ITALPRESS).<\/p><\/div>\n","protected":false},"excerpt":{"rendered":"<p>GENOVA (ITALPRESS) &#8211; La Procura di Genova ha dato parere favorevole all&#8217;istanza di revoca degli arresti domiciliari per Giovanni Toti presentata dall&#8217;avvocato Stefano Savi dopo le dimissioni dell&#8217;ex presidente della Liguria. La decisione finale spetta alla gip Paola Faggioni ed \u00e8 attesa per domani o venerd\u00ec. La stessa Faggioni \u00e8 chiamata anche ad accogliere o [&hellip;]<\/p>\n","protected":false},"author":18,"featured_media":206940,"comment_status":"closed","ping_status":"closed","sticky":false,"template":"","format":"standard","meta":{"ub_ctt_via":"","_mi_skip_tracking":false},"categories":[446],"tags":[783],"featured_image_src":"https:\/\/www.messinaoggi.it\/website\/wp-content\/uploads\/2024\/07\/20240731_2276.jpg","author_info":{"display_name":"Admin","author_link":"https:\/\/www.messinaoggi.it\/website\/author\/admin\/"},"digistream_id":0,"digistream":false,"_links":{"self":[{"href":"https:\/\/www.messinaoggi.it\/website\/wp-json\/wp\/v2\/posts\/206939"}],"collection":[{"href":"https:\/\/www.messinaoggi.it\/website\/wp-json\/wp\/v2\/posts"}],"about":[{"href":"https:\/\/www.messinaoggi.it\/website\/wp-json\/wp\/v2\/types\/post"}],"author":[{"embeddable":true,"href":"https:\/\/www.messinaoggi.it\/website\/wp-json\/wp\/v2\/users\/18"}],"replies":[{"embeddable":true,"href":"https:\/\/www.messinaoggi.it\/website\/wp-json\/wp\/v2\/comments?post=206939"}],"version-history":[{"count":0,"href":"https:\/\/www.messinaoggi.it\/website\/wp-json\/wp\/v2\/posts\/206939\/revisions"}],"wp:featuredmedia":[{"embeddable":true,"href":"https:\/\/www.messinaoggi.it\/website\/wp-json\/wp\/v2\/media\/206940"}],"wp:attachment":[{"href":"https:\/\/www.messinaoggi.it\/website\/wp-json\/wp\/v2\/media?parent=206939"}],"wp:term":[{"taxonomy":"category","embeddable":true,"href":"https:\/\/www.messinaoggi.it\/website\/wp-json\/wp\/v2\/categories?post=206939"},{"taxonomy":"post_tag","embeddable":true,"href":"https:\/\/www.messinaoggi.it\/website\/wp-json\/wp\/v2\/tags?post=206939"}],"curies":[{"name":"wp","href":"https:\/\/api.w.org\/{rel}","templated":true}]}}