{"id":206861,"date":"2024-07-31T14:08:04","date_gmt":"2024-07-31T12:08:04","guid":{"rendered":"https:\/\/www.messinaoggi.it\/website\/2024\/07\/31\/arriva-nelle-marche-il-progetto-digital-di-anas\/"},"modified":"2024-07-31T14:08:04","modified_gmt":"2024-07-31T12:08:04","slug":"arriva-nelle-marche-il-progetto-digital-di-anas","status":"publish","type":"post","link":"https:\/\/www.messinaoggi.it\/website\/2024\/07\/31\/arriva-nelle-marche-il-progetto-digital-di-anas\/","title":{"rendered":"Arriva nelle Marche il progetto digital di Anas"},"content":{"rendered":"<div>ROMA (ITALPRESS) &#8211; Approda nelle Marche il progetto digital di Anas (Gruppo FS Italiane), per approfondire e conoscere da vicino le attivit\u00e0 quotidiane svolte da ingegneri, geometri, operai e cantonieri lungo le strade di competenza.<br \/>Dopo il Lazio, protagonista della prima puntata pubblicata lo scorso 26 giugno e disponibile sulla piattaforma digital e social della societ\u00e0, oggi, mercoled\u00ec 31 luglio, \u00e8 la volta della pubblicazione dei contenuti del progetto &#8220;Anas per le Marche&#8221;.<br \/>Il progetto digital \u00e8 un viaggio sulla rete stradale e autostradale gestita da Anas, per testimoniare l&#8217;impegno che quotidianamente il personale mette nella gestione e nella manutenzione delle strade, ma anche nei progetti di completamento e potenziamento dei grandi itinerari, per un&#8217;Italia sempre pi\u00f9 connessa. Un racconto a puntate che nei prossimi mesi toccher\u00e0 tutte le strutture territoriali di Anas, attraverso le interviste a tecnici e responsabili dei cantieri e le immagini suggestive del territorio, delle nuove opere in costruzione e dei lavori di manutenzione in corso.  Da oggi, sulla piattaforma digital e social di Anas, \u00e8 disponibile la seconda puntata girata nelle Marche, dove Anas gestisce oltre 1.500 km di rete stradale. Si parler\u00e0 degli investimenti nella manutenzione e nello sviluppo di nuove opere, ma anche del piano di ripristino della viabilit\u00e0 a seguito del sisma nel Centro Italia. Non solo: saranno presenti anche focus dedicati ai lavori di raddoppio della Statale 16 &#8220;Adriatica&#8221; ad Ancona, alla realizzazione del nuovo collegamento tra la statale &#8220;Adriatica&#8221; e il Porto di Ancona, al potenziamento dell&#8217;Itinerario E78 e della Statale 4 &#8220;Salaria&#8221;, e ai lavori di manutenzione della Statale Flaminia, tornata sotto la gestione Anas con il piano di rientro strade.<br \/>Per parlare delle principali opere nella regione, nel corso della seconda puntata interverranno, tra gli altri, gli ingegneri Paolo Testaguzza (Responsabile Struttura Territoriale Marche) e Vincenzo Catone (Responsabile Nuove Opere).<div id=\"div-gpt-ad-Messinaoggi.it-DSK-300x250-corpoart\" style=\"text-align:center;margin:0 auto;\"><\/div><\/p>\n<p>&#8211; foto ufficio stampa Anas &#8211;<br \/>(ITALPRESS).<\/div>\n<div id=\"videoincontent\" style=\"clear:both\";><\/div>","protected":false},"excerpt":{"rendered":"<p>ROMA (ITALPRESS) &#8211; Approda nelle Marche il progetto digital di Anas (Gruppo FS Italiane), per approfondire e conoscere da vicino le attivit\u00e0 quotidiane svolte da ingegneri, geometri, operai e cantonieri lungo le strade di competenza.Dopo il Lazio, protagonista della prima puntata pubblicata lo scorso 26 giugno e disponibile sulla piattaforma digital e social della societ\u00e0, [&hellip;]<\/p>\n","protected":false},"author":18,"featured_media":206862,"comment_status":"closed","ping_status":"closed","sticky":false,"template":"","format":"standard","meta":{"ub_ctt_via":"","_mi_skip_tracking":false},"categories":[446],"tags":[783],"featured_image_src":"https:\/\/www.messinaoggi.it\/website\/wp-content\/uploads\/2024\/07\/20240731_0240.jpg","author_info":{"display_name":"Admin","author_link":"https:\/\/www.messinaoggi.it\/website\/author\/admin\/"},"digistream_id":0,"digistream":false,"_links":{"self":[{"href":"https:\/\/www.messinaoggi.it\/website\/wp-json\/wp\/v2\/posts\/206861"}],"collection":[{"href":"https:\/\/www.messinaoggi.it\/website\/wp-json\/wp\/v2\/posts"}],"about":[{"href":"https:\/\/www.messinaoggi.it\/website\/wp-json\/wp\/v2\/types\/post"}],"author":[{"embeddable":true,"href":"https:\/\/www.messinaoggi.it\/website\/wp-json\/wp\/v2\/users\/18"}],"replies":[{"embeddable":true,"href":"https:\/\/www.messinaoggi.it\/website\/wp-json\/wp\/v2\/comments?post=206861"}],"version-history":[{"count":0,"href":"https:\/\/www.messinaoggi.it\/website\/wp-json\/wp\/v2\/posts\/206861\/revisions"}],"wp:featuredmedia":[{"embeddable":true,"href":"https:\/\/www.messinaoggi.it\/website\/wp-json\/wp\/v2\/media\/206862"}],"wp:attachment":[{"href":"https:\/\/www.messinaoggi.it\/website\/wp-json\/wp\/v2\/media?parent=206861"}],"wp:term":[{"taxonomy":"category","embeddable":true,"href":"https:\/\/www.messinaoggi.it\/website\/wp-json\/wp\/v2\/categories?post=206861"},{"taxonomy":"post_tag","embeddable":true,"href":"https:\/\/www.messinaoggi.it\/website\/wp-json\/wp\/v2\/tags?post=206861"}],"curies":[{"name":"wp","href":"https:\/\/api.w.org\/{rel}","templated":true}]}}