{"id":206831,"date":"2024-07-31T12:08:01","date_gmt":"2024-07-31T10:08:01","guid":{"rendered":"https:\/\/www.messinaoggi.it\/website\/2024\/07\/31\/raid-israeliano-a-teheran-ucciso-il-leader-di-hamas-ismail-haniyeh\/"},"modified":"2024-07-31T12:08:01","modified_gmt":"2024-07-31T10:08:01","slug":"raid-israeliano-a-teheran-ucciso-il-leader-di-hamas-ismail-haniyeh","status":"publish","type":"post","link":"https:\/\/www.messinaoggi.it\/website\/2024\/07\/31\/raid-israeliano-a-teheran-ucciso-il-leader-di-hamas-ismail-haniyeh\/","title":{"rendered":"Raid israeliano a Teheran, ucciso il leader di Hamas Ismail Haniyeh"},"content":{"rendered":"<div>ROMA (ITALPRESS) &#8211; Hamas ha annunciato in un comunicato l&#8217;assassinio del capo del suo ufficio politico, Ismail Haniyeh, a Teheran, capitale dell&#8217;Iran. Hamas ha affermato che il leader del movimento &#8220;\u00e8 morto a seguito di un pericoloso raid sionista nella sua residenza a Teheran&#8221;. In un&#8217;altra dichiarazione, la Guardia rivoluzionaria iraniana ha affermato: &#8220;Stiamo studiando le dimensioni dell&#8217;incidente del martirio di Haniyeh a Teheran&#8221; e annunceremo i risultati dell&#8217;indagine in seguito. L&#8217;agenzia di stampa iraniana ha riferito che Ismail Haniyeh e una delle sue guardie del corpo sono stati uccisi dopo che la loro residenza a Teheran era stata presa di mira.<br \/>\nL&#8217;omicidio di Haniyeh \u00e8 avvenuto alle 2 di notte ora locale, le 4:30 orario italiano, nel suo dormitorio a Teheran. Questa mattina Hamas ha annunciato l&#8217;uccisione del suo leader in un raid israeliano a Teheran, mentre fonti dell&#8217;emittente &#8220;Al-Arabiya&#8221; hanno confermato che l&#8217;assassinio \u00e8 avvenuto nel luogo dove dormiva con un missile diretto contro il suo corpo.<br \/>\nHaniyeh e il suo compagno, Wassim Abu Shaaban, sono stati assassinati prendendo di mira la loro residenza a Teheran. Secondo i media israeliani inoltre, il missile che ha colpito la residenza di Haniyeh sarebbe partito da un paese al di fuori dell&#8217;Iran. Analoga versione dei fatti viene fornita dai media iraniani. Intanto il portavoce del Ministero degli Esteri iraniano Nasser Kanaani ha affermato che le autorit\u00e0 competenti stanno ancora indagando sulle dimensioni e sui dettagli dell&#8217;assassinio di Haniyeh. &#8220;Il sangue dei Mujahid che lottano per sfuggire alle grinfie degli occupanti sionisti non sar\u00e0 mai vano &#8211; ha affermato &#8211; Il martirio di Ismail Haniyeh a Teheran rafforzer\u00e0 il forte rapporto tra l&#8217;Iran, la cara Palestina e la resistenza&#8221;. Nei territori palestinesi invece \u00e8 stato proclamato lo sciopero generale.<br \/>\nLe forze nazionali e islamiche nei territori palestinesi hanno annunciato uno sciopero e manifestazioni per denunciare l&#8217;assassinio del capo dell&#8217;ufficio politico di Hamas. L&#8217;annuncio dello sciopero \u00e8 arrivato mentre tutte le forze palestinesi condannano l&#8217;assassinio e sottolineano che &#8220;non avrebbero scoraggiato il popolo palestinese dal continuare la lotta contro l&#8217;occupazione&#8221;.<div id=\"div-gpt-ad-Messinaoggi.it-DSK-300x250-corpoart\" style=\"text-align:center;margin:0 auto;\"><\/div><\/p>\n<p>&#8211; foto: Agenzia Fotogramma &#8211;<br \/>\n(ITALPRESS).<div id=\"videoincontent\" style=\"clear:both\";><\/div><\/p><\/div>\n","protected":false},"excerpt":{"rendered":"<p>ROMA (ITALPRESS) &#8211; Hamas ha annunciato in un comunicato l&#8217;assassinio del capo del suo ufficio politico, Ismail Haniyeh, a Teheran, capitale dell&#8217;Iran. Hamas ha affermato che il leader del movimento &#8220;\u00e8 morto a seguito di un pericoloso raid sionista nella sua residenza a Teheran&#8221;. In un&#8217;altra dichiarazione, la Guardia rivoluzionaria iraniana ha affermato: &#8220;Stiamo studiando [&hellip;]<\/p>\n","protected":false},"author":18,"featured_media":206832,"comment_status":"closed","ping_status":"closed","sticky":false,"template":"","format":"standard","meta":{"ub_ctt_via":"","_mi_skip_tracking":false},"categories":[446],"tags":[783],"featured_image_src":"https:\/\/www.messinaoggi.it\/website\/wp-content\/uploads\/2024\/07\/20240731_0047.jpg","author_info":{"display_name":"Admin","author_link":"https:\/\/www.messinaoggi.it\/website\/author\/admin\/"},"digistream_id":0,"digistream":false,"_links":{"self":[{"href":"https:\/\/www.messinaoggi.it\/website\/wp-json\/wp\/v2\/posts\/206831"}],"collection":[{"href":"https:\/\/www.messinaoggi.it\/website\/wp-json\/wp\/v2\/posts"}],"about":[{"href":"https:\/\/www.messinaoggi.it\/website\/wp-json\/wp\/v2\/types\/post"}],"author":[{"embeddable":true,"href":"https:\/\/www.messinaoggi.it\/website\/wp-json\/wp\/v2\/users\/18"}],"replies":[{"embeddable":true,"href":"https:\/\/www.messinaoggi.it\/website\/wp-json\/wp\/v2\/comments?post=206831"}],"version-history":[{"count":0,"href":"https:\/\/www.messinaoggi.it\/website\/wp-json\/wp\/v2\/posts\/206831\/revisions"}],"wp:featuredmedia":[{"embeddable":true,"href":"https:\/\/www.messinaoggi.it\/website\/wp-json\/wp\/v2\/media\/206832"}],"wp:attachment":[{"href":"https:\/\/www.messinaoggi.it\/website\/wp-json\/wp\/v2\/media?parent=206831"}],"wp:term":[{"taxonomy":"category","embeddable":true,"href":"https:\/\/www.messinaoggi.it\/website\/wp-json\/wp\/v2\/categories?post=206831"},{"taxonomy":"post_tag","embeddable":true,"href":"https:\/\/www.messinaoggi.it\/website\/wp-json\/wp\/v2\/tags?post=206831"}],"curies":[{"name":"wp","href":"https:\/\/api.w.org\/{rel}","templated":true}]}}