{"id":20649,"date":"2018-06-14T17:27:28","date_gmt":"2018-06-14T15:27:28","guid":{"rendered":"http:\/\/www.messinaoggi.it\/website\/?p=20649"},"modified":"2018-06-14T17:27:28","modified_gmt":"2018-06-14T15:27:28","slug":"germana-interroga-il-governo-sulla-legittimita-della-fusione-anas-fs","status":"publish","type":"post","link":"https:\/\/www.messinaoggi.it\/website\/2018\/06\/14\/germana-interroga-il-governo-sulla-legittimita-della-fusione-anas-fs\/","title":{"rendered":"German\u00e0 interroga il governo sulla legittimit\u00e0 della fusione Anas-Fs"},"content":{"rendered":"<p style=\"text-align: justify\">Dopo un iniziale periodo di rodaggio il parlamento si \u00e8 messo all&#8217;opera attivamente, tra i protagonisti delle prime iniziative portate avanti dalla Camera dei Deputati il messinese Nino German\u00e0.\u00a0 Il deputato di Forza Italia componente della IX Commissione Trasporti, ha invitato il presidente del Consiglio Conte e il ministro dell&#8217;economia Tria a far chiarezza in merito alla fusione Anas-Fs realizzata lo scorso gennaio su volere dell&#8217;esecutivo presieduto da Gentiloni.<div id=\"div-gpt-ad-Messinaoggi.it-DSK-300x250-corpoart\" style=\"text-align:center;margin:0 auto;\"><\/div><\/p>\n<p style=\"text-align: justify\">German\u00e0, nell&#8217;interrogazione che porta la firma anche del collega di partito Diego Sozzani, mette in dubbio l&#8217;adeguatezza dei fondi frutto dell&#8217;accorpamento dei due enti, insufficienti secondo il forzista per coprire una mole rilevante di contenziosi che supera i 10 miliardi di euro.<div id=\"videoincontent\" style=\"clear:both\";><\/div><\/p>\n<p style=\"text-align: justify\"><em>\u201cCome annunciato nei giorni scorsi le priorit\u00e0 che porter\u00f2 all\u2019attenzione della IX Commissione riguarderanno il gap infrastrutturale della Sicilia e la deficitaria situazione dei trasporti. A gennaio la societ\u00e0 Anas \u00e8 passata al gruppo Fs, sancendo la nascita del primo polo integrato Ferrovie e Strade in Europa. La societ\u00e0 \u00e8 stata inglobata da FFSS con un patrimonio ufficiale di circa 2 miliardi e 800 milioni, mentre in realt\u00e0 il patrimonio effettivo era tra i 600 e gli 800 milioni, una cifra che evidentemente non pu\u00f2 bastare a fronteggiare un contenzioso colossale accumulato nel corso degli anni &#8211;<\/em> prosegue il parlamentare &#8211;\u00a0<em>A ci\u00f2 si aggiunga che il gruppo Ferrovie dello Stato per acquisire Anas ha creato un buco patrimoniale. Proprio su questi aspetti l\u2019Anac ha aperto un fascicolo chiedendo chiarimenti sulla vicenda ed una relazione sullo stato del contenzioso, disponendone l\u2019invio alle procure della Corte dei Conti e della Repubblica. Val la pena di ricordare che la normativa vigente pone come condizione della fusione tra Anas e Ferrovie l\u2019adeguatezza dei fondi per la copertura dei contenziosi. <\/em><\/p>\n<p style=\"text-align: justify\"><em>Alla luce di tutto ci\u00f2 siamo fortemente preoccupati se vi siano ancora le condizioni di validit\u00e0 e di legittimit\u00e0 per la fusione voluta dal governo Gentiloni e se il governo non ritenga invece che si possa profilare l\u2019ipotesi di reato per l\u2019indebito vantaggio economico procurato alle imprese beneficiate dall\u2019accordo bonario tra i due gruppi. Il polo integrato tra Ferrovie e Strade non pu\u00f2 nascere su basi cos\u00ec fragili che potrebbero avere conseguenze disastrose sul piano economico e del servizio reso agli utenti\u201d.\u00a0<\/em><\/p>\n","protected":false},"excerpt":{"rendered":"<p>Dopo un iniziale periodo di rodaggio il parlamento si \u00e8 messo all&#8217;opera attivamente, tra i protagonisti delle prime iniziative portate avanti dalla Camera dei Deputati il messinese Nino German\u00e0.\u00a0 Il deputato di Forza Italia componente della IX Commissione Trasporti, ha invitato il presidente del Consiglio Conte e il ministro dell&#8217;economia Tria a far chiarezza in [&hellip;]<\/p>\n","protected":false},"author":6,"featured_media":1983,"comment_status":"closed","ping_status":"open","sticky":false,"template":"","format":"standard","meta":{"ub_ctt_via":"","_mi_skip_tracking":false},"categories":[4],"tags":[],"featured_image_src":"https:\/\/www.messinaoggi.it\/website\/wp-content\/uploads\/2017\/06\/Nino-Germana-4.jpg","author_info":{"display_name":"Redazione MessinaOggi.it","author_link":"https:\/\/www.messinaoggi.it\/website\/author\/p-vinci\/"},"digistream_id":0,"digistream":false,"_links":{"self":[{"href":"https:\/\/www.messinaoggi.it\/website\/wp-json\/wp\/v2\/posts\/20649"}],"collection":[{"href":"https:\/\/www.messinaoggi.it\/website\/wp-json\/wp\/v2\/posts"}],"about":[{"href":"https:\/\/www.messinaoggi.it\/website\/wp-json\/wp\/v2\/types\/post"}],"author":[{"embeddable":true,"href":"https:\/\/www.messinaoggi.it\/website\/wp-json\/wp\/v2\/users\/6"}],"replies":[{"embeddable":true,"href":"https:\/\/www.messinaoggi.it\/website\/wp-json\/wp\/v2\/comments?post=20649"}],"version-history":[{"count":0,"href":"https:\/\/www.messinaoggi.it\/website\/wp-json\/wp\/v2\/posts\/20649\/revisions"}],"wp:featuredmedia":[{"embeddable":true,"href":"https:\/\/www.messinaoggi.it\/website\/wp-json\/wp\/v2\/media\/1983"}],"wp:attachment":[{"href":"https:\/\/www.messinaoggi.it\/website\/wp-json\/wp\/v2\/media?parent=20649"}],"wp:term":[{"taxonomy":"category","embeddable":true,"href":"https:\/\/www.messinaoggi.it\/website\/wp-json\/wp\/v2\/categories?post=20649"},{"taxonomy":"post_tag","embeddable":true,"href":"https:\/\/www.messinaoggi.it\/website\/wp-json\/wp\/v2\/tags?post=20649"}],"curies":[{"name":"wp","href":"https:\/\/api.w.org\/{rel}","templated":true}]}}