{"id":20647,"date":"2018-06-14T15:50:24","date_gmt":"2018-06-14T13:50:24","guid":{"rendered":"http:\/\/www.messinaoggi.it\/website\/?p=20647"},"modified":"2018-06-14T15:50:24","modified_gmt":"2018-06-14T13:50:24","slug":"verso-il-ballottaggio-de-luca-risponde-a-bramanti-qualcuno-lo-sta-portando-alla-deriva-gli-esprimo-solidarieta","status":"publish","type":"post","link":"https:\/\/www.messinaoggi.it\/website\/2018\/06\/14\/verso-il-ballottaggio-de-luca-risponde-a-bramanti-qualcuno-lo-sta-portando-alla-deriva-gli-esprimo-solidarieta\/","title":{"rendered":"Verso il ballottaggio, De Luca risponde a Bramanti: &quot;Qualcuno lo sta portando alla deriva, gli esprimo solidariet\u00e0&quot;"},"content":{"rendered":"<p><em>\u201cEsprimo la mia solidariet\u00e0 al professore Dino Bramanti perch\u00e9 dal contenuto della sua conferenza stampa mi rendo conto ormai che c\u2019\u00e8 qualcuno che lo vuole portare alla deriva e faccio qualche esempio per evidenziare l\u2019infondatezza delle sue affermazioni. Vorrei fargli sapere che quando parla di piano regolatore generale non sono previsti i referendum\u00a0 e qualcuno glielo dovrebbe spiegare perch\u00e9 mi rendo conto che\u00a0 i suggeritori lo stanno portando a sbattere\u201d<\/em>.<br \/>\nA dirlo il candidato a sindaco Cateno De Luca che aggiunge: \u00a0\u201c<em>Mi auguro che la sua affermazione di abbandonare Messina nel caso di vittoria nostra sia soltanto una delle sue \u00a0tante scivolate, perch\u00e9 noi invece riteniamo che \u00e8 una risorsa per la citt\u00e0 e deve rimanere qui sviluppando nel suo settore quella che \u00e8 un\u2019eccellenza che noi continueremo a salvaguardare e valorizzare. Ovviamente tutto ci\u00f2 nei limiti e nei confini in modo da non nuocere all\u2019interesse pubblico e altre strutture pubbliche come il Policlinico<\/em>. Ribadiamo poi che non permetteremo che il Papardo finisca nelle sue grinfie come qualcuno vorrebbe\u201d.<br \/>\n\u201c<em>Lo invito \u2013 prosegue De Luca &#8211; con pacatezza a fare un confronto pubblico a Piazza Duomo, o\u00a0 piazza Cairoli o Piazza del Popolo a fare un confronto pubblico senza polemiche e senza altro tipo di attacchi. Quando ricorda che sono plurindagato e pluriarrestato deve anche per\u00f2 ricordare che sono stato anche pluriassolto. Questo \u00e8 fondamentale \u00a0perch\u00e8 diversamente non farebbe altro che seguire la disonest\u00e0 intellettuale di chi gli suggerisce certi argomenti. Siamo comunque a sua disposizione per fare un percorso dialettico e un corso di comunicazione \u00a0visto che oggi il suo tentativo di imitarmi oggi in conferenza stampa \u00e8 stato mal riuscito e ha dato una visione distorta di un personaggio che cerca di copiare chi sta cercando di portare a palazzo Zanca la voce e la volont\u00e0 popolare. Noi rappresentiamo il popolo, lui rappresentava se stesso e oggi ha dimostrato di voler vestire in malo modo un abito che non gli appartiene: quello popolare che non si indossa all\u2019improvviso, si acquisisce per nascita, per comportamento e nella quotidianit\u00e0\u201d.<\/em><div id=\"div-gpt-ad-Messinaoggi.it-DSK-300x250-corpoart\" style=\"text-align:center;margin:0 auto;\"><\/div><\/p>\n<div id=\"videoincontent\" style=\"clear:both\";><\/div>","protected":false},"excerpt":{"rendered":"<p>\u201cEsprimo la mia solidariet\u00e0 al professore Dino Bramanti perch\u00e9 dal contenuto della sua conferenza stampa mi rendo conto ormai che c\u2019\u00e8 qualcuno che lo vuole portare alla deriva e faccio qualche esempio per evidenziare l\u2019infondatezza delle sue affermazioni. Vorrei fargli sapere che quando parla di piano regolatore generale non sono previsti i referendum\u00a0 e qualcuno [&hellip;]<\/p>\n","protected":false},"author":15,"featured_media":16474,"comment_status":"closed","ping_status":"open","sticky":false,"template":"","format":"standard","meta":{"ub_ctt_via":"","_mi_skip_tracking":false},"categories":[6],"tags":[],"featured_image_src":"https:\/\/www.messinaoggi.it\/website\/wp-content\/uploads\/2018\/03\/conf-de-luca-RRP_5480-1.jpg","author_info":{"display_name":"red.me","author_link":"https:\/\/www.messinaoggi.it\/website\/author\/red-me\/"},"digistream_id":0,"digistream":false,"_links":{"self":[{"href":"https:\/\/www.messinaoggi.it\/website\/wp-json\/wp\/v2\/posts\/20647"}],"collection":[{"href":"https:\/\/www.messinaoggi.it\/website\/wp-json\/wp\/v2\/posts"}],"about":[{"href":"https:\/\/www.messinaoggi.it\/website\/wp-json\/wp\/v2\/types\/post"}],"author":[{"embeddable":true,"href":"https:\/\/www.messinaoggi.it\/website\/wp-json\/wp\/v2\/users\/15"}],"replies":[{"embeddable":true,"href":"https:\/\/www.messinaoggi.it\/website\/wp-json\/wp\/v2\/comments?post=20647"}],"version-history":[{"count":0,"href":"https:\/\/www.messinaoggi.it\/website\/wp-json\/wp\/v2\/posts\/20647\/revisions"}],"wp:featuredmedia":[{"embeddable":true,"href":"https:\/\/www.messinaoggi.it\/website\/wp-json\/wp\/v2\/media\/16474"}],"wp:attachment":[{"href":"https:\/\/www.messinaoggi.it\/website\/wp-json\/wp\/v2\/media?parent=20647"}],"wp:term":[{"taxonomy":"category","embeddable":true,"href":"https:\/\/www.messinaoggi.it\/website\/wp-json\/wp\/v2\/categories?post=20647"},{"taxonomy":"post_tag","embeddable":true,"href":"https:\/\/www.messinaoggi.it\/website\/wp-json\/wp\/v2\/tags?post=20647"}],"curies":[{"name":"wp","href":"https:\/\/api.w.org\/{rel}","templated":true}]}}