{"id":206468,"date":"2024-07-27T15:08:04","date_gmt":"2024-07-27T13:08:04","guid":{"rendered":"https:\/\/www.messinaoggi.it\/website\/2024\/07\/27\/fedriga-lautonomia-migliorera-i-servizi-no-a-una-moratoria\/"},"modified":"2024-07-27T15:08:04","modified_gmt":"2024-07-27T13:08:04","slug":"fedriga-lautonomia-migliorera-i-servizi-no-a-una-moratoria","status":"publish","type":"post","link":"https:\/\/www.messinaoggi.it\/website\/2024\/07\/27\/fedriga-lautonomia-migliorera-i-servizi-no-a-una-moratoria\/","title":{"rendered":"Fedriga \u201cL\u2019autonomia migliorer\u00e0 i servizi, no a una moratoria\u201d"},"content":{"rendered":"<div>ROMA (ITALPRESS) &#8211; &#8220;E&#8217; una legge approvata da una larga maggioranza. E posso rassicurare che servir\u00e0 a migliorare i servizi ai cittadini&#8221;. Lo dice in un&#8217;intervista al Corriere della Sera il presidente della Regione Friuli Venezia Giulia e della Conferenza delle Regioni, Massimiliano Fedriga, in merito all&#8217;autonomia differenziata.<br \/>Il leader azzurro Antonio Tajani dice che non \u00e8 un dogma. &#8220;In nessuna legislazione esistono i dogmi &#8211; spiega Fedriga -. E&#8217; una riforma, lo ripeto, che far\u00e0 crescere il Paese. Rispetto all&#8217;Autonomia gli ostacoli ci sono sempre stati e altri ce ne saranno. Ma usciamo da questa logica e facciamoci una domanda: come possiamo migliorare i servizi ai cittadini? Qual \u00e8 il soggetto che pu\u00f2 gestirli meglio se non quello pi\u00f9 vicino a loro?&#8221;.<br \/>&#8220;Va raccontata la verit\u00e0, non \u00e8 vero che il Sud rischia di uscirne penalizzato &#8211; prosegue il presidente della Conferenza delle Regioni -. Chi lo dice fa un racconto falso e umiliante per il Sud stesso. L&#8217;obiettivo \u00e8 esattamente il contrario e la legge approvata dal Parlamento \u00e8 lo strumento pi\u00f9 adatto&#8221;.<br \/>Alla domanda se serva la moratoria richiesta dal governatore calabrese Roberto Occhiuto, Fedriga risponde cos\u00ec: &#8220;No, noi abbiamo solo la necessit\u00e0 e il dovere di raccontare meglio cosa \u00e8 l&#8217;Autonomia perch\u00e8 va eliminato il fumo che la circonda. Ma ci\u00f2 detto, non sta scritto da nessuna parte che una Regione sia obbligata a far ricorso alla riforma. Se c&#8217;\u00e8 chi preferisce lo status quo faccia pure. Non credo sia positivo per il Paese ma \u00e8 libero di farlo&#8221;.<div id=\"div-gpt-ad-Messinaoggi.it-DSK-300x250-corpoart\" style=\"text-align:center;margin:0 auto;\"><\/div><\/p>\n<p>&#8211; Foto Agenzia Fotogramma &#8211;<div id=\"videoincontent\" style=\"clear:both\";><\/div><\/p>\n<p>(ITALPRESS).<\/p><\/div>\n","protected":false},"excerpt":{"rendered":"<p>ROMA (ITALPRESS) &#8211; &#8220;E&#8217; una legge approvata da una larga maggioranza. E posso rassicurare che servir\u00e0 a migliorare i servizi ai cittadini&#8221;. Lo dice in un&#8217;intervista al Corriere della Sera il presidente della Regione Friuli Venezia Giulia e della Conferenza delle Regioni, Massimiliano Fedriga, in merito all&#8217;autonomia differenziata.Il leader azzurro Antonio Tajani dice che non [&hellip;]<\/p>\n","protected":false},"author":18,"featured_media":206469,"comment_status":"closed","ping_status":"closed","sticky":false,"template":"","format":"standard","meta":{"ub_ctt_via":"","_mi_skip_tracking":false},"categories":[446],"tags":[783],"featured_image_src":"https:\/\/www.messinaoggi.it\/website\/wp-content\/uploads\/2024\/07\/20240727_0491.jpg","author_info":{"display_name":"Admin","author_link":"https:\/\/www.messinaoggi.it\/website\/author\/admin\/"},"digistream_id":0,"digistream":false,"_links":{"self":[{"href":"https:\/\/www.messinaoggi.it\/website\/wp-json\/wp\/v2\/posts\/206468"}],"collection":[{"href":"https:\/\/www.messinaoggi.it\/website\/wp-json\/wp\/v2\/posts"}],"about":[{"href":"https:\/\/www.messinaoggi.it\/website\/wp-json\/wp\/v2\/types\/post"}],"author":[{"embeddable":true,"href":"https:\/\/www.messinaoggi.it\/website\/wp-json\/wp\/v2\/users\/18"}],"replies":[{"embeddable":true,"href":"https:\/\/www.messinaoggi.it\/website\/wp-json\/wp\/v2\/comments?post=206468"}],"version-history":[{"count":0,"href":"https:\/\/www.messinaoggi.it\/website\/wp-json\/wp\/v2\/posts\/206468\/revisions"}],"wp:featuredmedia":[{"embeddable":true,"href":"https:\/\/www.messinaoggi.it\/website\/wp-json\/wp\/v2\/media\/206469"}],"wp:attachment":[{"href":"https:\/\/www.messinaoggi.it\/website\/wp-json\/wp\/v2\/media?parent=206468"}],"wp:term":[{"taxonomy":"category","embeddable":true,"href":"https:\/\/www.messinaoggi.it\/website\/wp-json\/wp\/v2\/categories?post=206468"},{"taxonomy":"post_tag","embeddable":true,"href":"https:\/\/www.messinaoggi.it\/website\/wp-json\/wp\/v2\/tags?post=206468"}],"curies":[{"name":"wp","href":"https:\/\/api.w.org\/{rel}","templated":true}]}}