{"id":206363,"date":"2024-07-26T16:08:00","date_gmt":"2024-07-26T14:08:00","guid":{"rendered":"https:\/\/www.messinaoggi.it\/website\/2024\/07\/26\/ambasciatore-balla-il-marocco-ha-una-visione-chiara-di-progresso\/"},"modified":"2024-07-26T16:08:00","modified_gmt":"2024-07-26T14:08:00","slug":"ambasciatore-balla-il-marocco-ha-una-visione-chiara-di-progresso","status":"publish","type":"post","link":"https:\/\/www.messinaoggi.it\/website\/2024\/07\/26\/ambasciatore-balla-il-marocco-ha-una-visione-chiara-di-progresso\/","title":{"rendered":"Ambasciatore Balla \u201cIl Marocco ha una visione chiara di progresso\u201d"},"content":{"rendered":"<div>ROMA (ITALPRESS) &#8211; Sfide gi\u00e0 vinte e da vincere, rapporti con l&#8217;Africa e con l&#8217;Italia, ruolo nel Mediterraneo e nella diplomazia continentale: tutti aspetti su cui Youssef Balla, ambasciatore del Marocco in Italia, si sofferma nel corso di un&#8217;intervista alla Italpress. Un&#8217;occasione per parlare della crescita del Paese negli ultimi 25 anni, alla vigilia della Festa del Trono: in questo senso i cambiamenti in corso d&#8217;opera non sono stati pochi e le prospettive di crescita sono diverse.<br \/>\nLa riflessione di Balla parte proprio dal fatto che &#8220;la Festa del Trono \u00e8 un&#8217;opportunit\u00e0 per consolidare la simbiosi tra monarchia e popolo e l&#8217;unit\u00e0 del Paese; \u00e8 inoltre fondamentale per riflettere insieme sugli eventi recenti e sul futuro. Se devo fare un bilancio di questi 25 anni vorrei focalizzarmi sulla concordia e sulla resilienza: il re \u00e8 riuscito a consolidare la solidariet\u00e0 tra tutte le componenti della societ\u00e0 marocchina, anche attraverso iniziative coraggiose e di fronte alle sfide come il Covid o il terremoto di Marrakech abbiamo dimostrato di essere pronti ad affrontarle&#8221;.<br \/>\nL&#8217;ambasciatore si sofferma poi sugli ottimi risultati conseguiti dal Marocco in diversi settori: &#8220;L&#8217;economia migliora di anno in anno e abbiamo realizzato numerose infrastrutture di livello mondiale: abbiamo l&#8217;unico treno ad alta velocit\u00e0 del continente e Tangeri \u00e8 il primo porto africano nel Mediterraneo. In pi\u00f9 abbiamo 2.500 km di autostrade e l&#8217;anno prossimo installeremo un grande porto sull&#8217;Atlantico, quello di Dakhla, che possa unire America e Africa. Sul piano economico siamo riusciti a triplicare il Pil e raddoppiare il prodotto pro capite negli ultimi 25 anni, senza dimenticare che la nostra industria automobilistica \u00e8 nella top 15 a livello mondiale con 700mila veicoli prodotti ogni anno, mentre nel 1999 erano 90mila. Anche l&#8217;aeronautica \u00e8 importante in Marocco, con 140 imprese presenti, cos\u00ec come la produzione di energie rinnovabili. Siamo il settimo Paese al mondo: c&#8217;\u00e8 una visione chiara in direzione del progresso&#8221;.<br \/>\nPer quanto riguarda il Mediterraneo, Balla lo definisce &#8220;un asse centrale sul piano sia diplomatico sia economico: il porto di Tangeri accoglie 9 milioni del container, ma in generale l&#8217;Africa sta crescendo e ci sono pi\u00f9 opportunit\u00e0 rispetto al passato. Siamo il secondo Paese a livello continentale in termini di cooperazione e sviluppo, uno dei nostri obiettivi \u00e8 fare uscire dall&#8217;isolamento i paesi del Sahel in modo da farli crescere sul piano economico soprattutto nell&#8217;accesso all&#8217;Atlantico. Il gasdotto Nigeria-Marocco \u00e8 un altro progetto importante, perch\u00e8 si estende per 6.000 km in undici paesi diversi portando energia e gas verso l&#8217;Europa&#8221;. Pi\u00f9 nello specifico, l&#8217;ambasciatore spiega come a livello diplomatico &#8220;interagiamo con le sfide globali in termini moderati: la nostra leadership in Africa e nel Mediterraneo \u00e8 incontestabile, in pi\u00f9 sul fronte immigrazione abbiamo fatto grandi iniziative in direzione della stabilit\u00e0 e della pace, ospitando grandi eventi sul tema e promuovendo una politica di asilo. Queste persone, 50mila circa dall&#8217;area subsahariana, hanno bisogno di scuola, servizi sanitari e lavoro: era fondamentale andargli incontro con una politica umanitaria e solidale per ridargli la dignit\u00e0 che meritano&#8221;.<br \/>\nAltro fronte su cui l&#8217;attivit\u00e0 \u00e8 incessante, racconta Balla, \u00e8 la &#8220;lotta contro il terrorismo e la radicalizzazione: la nostra politica unisce sicurezza e pedagogia per deradicalizzare le persone e questa esperienza \u00e8 stata accolta da tanti Paesi europei. Siamo presenti anche in sfide come il cambiamento climatico, ospitando la Cop-16 e costruendo la pi\u00f9 grande centrale solare del mondo: rispettiamo i compromessi con la comunit\u00e0 internazionale e produciamo il 42% dell&#8217;elettricit\u00e0 grazie alle rinnovabili, con la possibilit\u00e0 di arrivare al 52% nel 2030&#8221;. Sul fronte dei rapporti diplomatici con l&#8217;Italia, che nel 2025 raggiungeranno i due secoli dall&#8217;avvio, l&#8217;ambasciatore evidenzia come &#8220;sar\u00e0 un&#8217;occasione per consolidare ulteriormente questo legame, che di suo \u00e8 gi\u00e0 eccellente: c&#8217;\u00e8 una convergenza su tante tematiche che toccano Africa e Mediterraneo e i rapporti commerciali e turistici sono in crescita. La nostra comunit\u00e0 in Italia \u00e8 attiva, dinamica e ben integrata: siamo la prima comunit\u00e0 in termini di creazione di imprese sul territorio&#8221;.<br \/>\nSulle polemiche da parte dell&#8217;Algeria in merito al riconoscimento dei territori del Sahara occidentale, Balla spiega che &#8220;la diplomazia marocchina non \u00e8 abituata a reagire a polemiche inutili o isterie collettive: la dinamica dei riconoscimenti della sovranit\u00e0 del Marocco sul Sahara \u00e8 rapida e serena; 110 paesi dell&#8217;Onu riconoscono l&#8217;iniziativa che abbiamo presentato nel 2007 e la nostra \u00e8 una posizione confortevole. Speriamo che anche l&#8217;Algeria segua questa dinamica costruttiva, perch\u00e8 ne va la sicurezza e la stabilit\u00e0 del territorio&#8221;.<br \/>\n(ITALPRESS).<br \/>\n&#8211; Foto: Italpress &#8211;<\/div>\n<div id=\"div-gpt-ad-Messinaoggi.it-DSK-300x250-corpoart\" style=\"text-align:center;margin:0 auto;\"><\/div><\/p><div id=\"videoincontent\" style=\"clear:both\";><\/div>","protected":false},"excerpt":{"rendered":"<p>ROMA (ITALPRESS) &#8211; Sfide gi\u00e0 vinte e da vincere, rapporti con l&#8217;Africa e con l&#8217;Italia, ruolo nel Mediterraneo e nella diplomazia continentale: tutti aspetti su cui Youssef Balla, ambasciatore del Marocco in Italia, si sofferma nel corso di un&#8217;intervista alla Italpress. Un&#8217;occasione per parlare della crescita del Paese negli ultimi 25 anni, alla vigilia della [&hellip;]<\/p>\n","protected":false},"author":18,"featured_media":206364,"comment_status":"closed","ping_status":"closed","sticky":false,"template":"","format":"standard","meta":{"ub_ctt_via":"","_mi_skip_tracking":false},"categories":[446],"tags":[783],"featured_image_src":"https:\/\/www.messinaoggi.it\/website\/wp-content\/uploads\/2024\/07\/20240726_1066.jpg","author_info":{"display_name":"Admin","author_link":"https:\/\/www.messinaoggi.it\/website\/author\/admin\/"},"digistream_id":0,"digistream":false,"_links":{"self":[{"href":"https:\/\/www.messinaoggi.it\/website\/wp-json\/wp\/v2\/posts\/206363"}],"collection":[{"href":"https:\/\/www.messinaoggi.it\/website\/wp-json\/wp\/v2\/posts"}],"about":[{"href":"https:\/\/www.messinaoggi.it\/website\/wp-json\/wp\/v2\/types\/post"}],"author":[{"embeddable":true,"href":"https:\/\/www.messinaoggi.it\/website\/wp-json\/wp\/v2\/users\/18"}],"replies":[{"embeddable":true,"href":"https:\/\/www.messinaoggi.it\/website\/wp-json\/wp\/v2\/comments?post=206363"}],"version-history":[{"count":0,"href":"https:\/\/www.messinaoggi.it\/website\/wp-json\/wp\/v2\/posts\/206363\/revisions"}],"wp:featuredmedia":[{"embeddable":true,"href":"https:\/\/www.messinaoggi.it\/website\/wp-json\/wp\/v2\/media\/206364"}],"wp:attachment":[{"href":"https:\/\/www.messinaoggi.it\/website\/wp-json\/wp\/v2\/media?parent=206363"}],"wp:term":[{"taxonomy":"category","embeddable":true,"href":"https:\/\/www.messinaoggi.it\/website\/wp-json\/wp\/v2\/categories?post=206363"},{"taxonomy":"post_tag","embeddable":true,"href":"https:\/\/www.messinaoggi.it\/website\/wp-json\/wp\/v2\/tags?post=206363"}],"curies":[{"name":"wp","href":"https:\/\/api.w.org\/{rel}","templated":true}]}}