{"id":20636,"date":"2018-06-14T12:16:02","date_gmt":"2018-06-14T10:16:02","guid":{"rendered":"http:\/\/www.messinaoggi.it\/website\/?p=20636"},"modified":"2018-06-14T12:16:02","modified_gmt":"2018-06-14T10:16:02","slug":"policlinico-il-piccolo-moise-non-puo-volare-a-cagliari","status":"publish","type":"post","link":"https:\/\/www.messinaoggi.it\/website\/2018\/06\/14\/policlinico-il-piccolo-moise-non-puo-volare-a-cagliari\/","title":{"rendered":"Policlinico: &quot;Il piccolo Moise non pu\u00f2 volare a Cagliari&quot;"},"content":{"rendered":"<p>Moise, il bimbo di Polistena costretto al ricovero dalla nascita (da due anni e mezzo) in seguito ad una grave patologia, non potr\u00e0 volare dal Policlinico di Messina all\u2019ospedale di Cagliari. Almeno per il momento.<br \/>\nLa notizia \u00e8 stata diffusa dal Garante per l\u2019Infanzia della Regione Calabria, Antonio Marziale (che si sta battendo per questo trasferimento). L\u2019obiettivo \u00e8 di farlo giungere nel nosocomio del capoluogo sardo e, successivamente, alla famiglia cui \u00e8 stato dato in affido.<br \/>\nIl Tribunale per i Minorenni di Reggio Calabria \u2013 ha ricordato il garante &#8211; l&#8217;ha dato in affido a due coniugi cagliaritani della Comunit\u00e0 &#8216;Papa Giovanni XXIII&#8217; in quanto la famiglia biologica versa in serie difficolt\u00e0 socio-economiche. L&#8217;ultimo provvedimento dei magistrati risale al dicembre del 2017 \u201cma per una serie di incomprensibili quanto inaccettabili cavilli \u2013 sostiene &#8211; il piccolo \u00e8 ancora in ospedale.<br \/>\nSulla questione \u00e8 intervenuto il ministro della Salute, Giulia Grillo. \u201cIl trasferimento \u2013 ha spiegato all\u2019Ansa &#8211; \u00e8 saltato poich\u00e9 \u00e8 intervenuto uno shock settico e il Policlinico di Messina ha autorizzato la trasferibilit\u00e0 ma non la dimissibilit\u00e1. Dal Ministero stiamo monitorando la situazione e verificando che tutte le procedure di trasferimento avvengano secondo i protocolli prestabiliti\u201d.<br \/>\nE&#8217; giunta anche una nota dalla direzione del Policlinico di Messina. \u201cIn seguito alle notizie diffuse circa la vicenda del piccolo Moise \u00a0rilanciate anche da alcune agenzie di stampa nazionali \u2013 viene spiegato &#8211; si ritiene utile precisare alcuni termini dell\u2019accaduto, che non emergono con chiarezza nelle parole del garante per l&#8217;Infanzia e l&#8217;adolescenza della Regione Calabria. Va premesso che il bambino \u00e8 ricoverato presso il Policlinico \u201cG. Martino\u201d da quasi un anno, durante il quale \u00e8 stato curato amorevolmente e trattato con massima attenzione. Sin dallo scorso mese di dicembre &#8211; si legge &#8211; una volta stabilizzatosi il quadro clinico, ne abbiamo raccomandato, \u00a0attraverso una fitta interlocuzione con tutte le istituzioni e le figure giuridiche coinvolte nella vicenda, la domiciliarizzazione, ritenendo che potesse essere assistito a casa, con adeguati presidi medici. I tempi con i quali detti presidi sono stati consegnati dall\u2019Asp di competenza alla famiglia affidataria, non sono certo dipesi dal\u00a0 \u00a0Policlinico di Messina. Negli ultimi giorni, il quadro clinico ha subito un peggioramento, come ha potuto costatare lo stesso garante per l&#8217;Infanzia e l&#8217;adolescenza della Regione Calabria, nel corso di una sua visita presso la nostra struttura. Ci\u00f2 \u00e8 avvenuto proprio in coincidenza con lo sblocco dell\u2019iter burocratico, nel quale, ribadiamo, l\u2019Aou non \u00e8 coinvolta, che doveva portare al trasferimento del piccolo paziente. Per questo motivo, nella giornata di ieri, abbiamo comunicato che il bambino non era nelle condizioni di essere trasferito e abbiamo raccomandato di attendere un eventuale miglioramento del quadro clinico, prima di riorganizzare il trasferimento. Allo stato attuale, le condizioni di salute del paziente non ci consentono di fare alcuna previsione. I responsabili sanitari per primi, in sostanza, da oltre sei mesi ritengono utile per il paziente che venga dimesso e accudito a casa. Tutto questo, per\u00f2 \u2013 conclude la direzione del Policlinico &#8211; deve avvenire nel momento in cui le sue condizioni di salute rendono possibile tale trasferimento.<br \/>\nSe cos\u00ec non fosse, agiremmo in violazione di qualsiasi principio etico e sanitario e mettendo ulteriormente a rischio il piccolo Moise&#8221;.<div id=\"div-gpt-ad-Messinaoggi.it-DSK-300x250-corpoart\" style=\"text-align:center;margin:0 auto;\"><\/div><\/p>\n<div id=\"videoincontent\" style=\"clear:both\";><\/div>","protected":false},"excerpt":{"rendered":"<p>Moise, il bimbo di Polistena costretto al ricovero dalla nascita (da due anni e mezzo) in seguito ad una grave patologia, non potr\u00e0 volare dal Policlinico di Messina all\u2019ospedale di Cagliari. Almeno per il momento. La notizia \u00e8 stata diffusa dal Garante per l\u2019Infanzia della Regione Calabria, Antonio Marziale (che si sta battendo per questo [&hellip;]<\/p>\n","protected":false},"author":4,"featured_media":1432,"comment_status":"closed","ping_status":"open","sticky":false,"template":"","format":"standard","meta":{"ub_ctt_via":"","_mi_skip_tracking":false},"categories":[5],"tags":[],"featured_image_src":"https:\/\/www.messinaoggi.it\/website\/wp-content\/uploads\/2017\/06\/Policlinico-Pronto-Soccorso-1-2.jpg","author_info":{"display_name":"redme","author_link":"https:\/\/www.messinaoggi.it\/website\/author\/redme\/"},"digistream_id":0,"digistream":false,"_links":{"self":[{"href":"https:\/\/www.messinaoggi.it\/website\/wp-json\/wp\/v2\/posts\/20636"}],"collection":[{"href":"https:\/\/www.messinaoggi.it\/website\/wp-json\/wp\/v2\/posts"}],"about":[{"href":"https:\/\/www.messinaoggi.it\/website\/wp-json\/wp\/v2\/types\/post"}],"author":[{"embeddable":true,"href":"https:\/\/www.messinaoggi.it\/website\/wp-json\/wp\/v2\/users\/4"}],"replies":[{"embeddable":true,"href":"https:\/\/www.messinaoggi.it\/website\/wp-json\/wp\/v2\/comments?post=20636"}],"version-history":[{"count":0,"href":"https:\/\/www.messinaoggi.it\/website\/wp-json\/wp\/v2\/posts\/20636\/revisions"}],"wp:featuredmedia":[{"embeddable":true,"href":"https:\/\/www.messinaoggi.it\/website\/wp-json\/wp\/v2\/media\/1432"}],"wp:attachment":[{"href":"https:\/\/www.messinaoggi.it\/website\/wp-json\/wp\/v2\/media?parent=20636"}],"wp:term":[{"taxonomy":"category","embeddable":true,"href":"https:\/\/www.messinaoggi.it\/website\/wp-json\/wp\/v2\/categories?post=20636"},{"taxonomy":"post_tag","embeddable":true,"href":"https:\/\/www.messinaoggi.it\/website\/wp-json\/wp\/v2\/tags?post=20636"}],"curies":[{"name":"wp","href":"https:\/\/api.w.org\/{rel}","templated":true}]}}