{"id":20610,"date":"2018-06-13T18:47:24","date_gmt":"2018-06-13T16:47:24","guid":{"rendered":"http:\/\/www.messinaoggi.it\/website\/?p=20610"},"modified":"2018-06-13T18:47:24","modified_gmt":"2018-06-13T16:47:24","slug":"bruno-mancuso-proclamato-nuovo-sindaco-di-santagata-militello","status":"publish","type":"post","link":"https:\/\/www.messinaoggi.it\/website\/2018\/06\/13\/bruno-mancuso-proclamato-nuovo-sindaco-di-santagata-militello\/","title":{"rendered":"Bruno Mancuso proclamato nuovo sindaco di Sant&#039;Agata Militello"},"content":{"rendered":"<p style=\"text-align: justify\">Si \u00e8 svolta questa mattina, presso la sezione elettorale n\u00b01, ubicata alla Scuola Media \u201cMarconi\u201d, la proclamazione ufficiale del sindaco di Sant\u2019Agata Militello Bruno Mancuso e degli eletti al consiglio comunale. Di fronte all\u2019adunanza dei Presidenti di seggio delle 15 sezioni santagatesi, il Presidente della sezione 1, Alfredo Girbino, componente della Corte d\u2019Appello di Messina, ha letto il verbale che proclama gli eletti e consegnato la fascia tricolore al sindaco Mancuso.<div id=\"div-gpt-ad-Messinaoggi.it-DSK-300x250-corpoart\" style=\"text-align:center;margin:0 auto;\"><\/div><\/p>\n<p style=\"text-align: justify\">\n<em>\u201cNonostante i ruoli istituzionali gi\u00e0 svolti, tornare ad indossare questa fascia \u00e8 per me una grande emozione, un motivo di orgoglio e gratificazione \u2013<\/em> ha detto Mancuso \u2013 . <em>Pi\u00f9 che all\u2019entusiasmo ed all\u2019esultanza per il risultato elettorale \u2013 prosegue il neo sindaco \u2013 gi\u00e0 da tempo insieme alla squadra stiamo pensando a quanto lavoro ci aspetta per rilanciare questa Citt\u00e0. Un impegno fortissimo che ci vedr\u00e0 protagonisti sin da subito. Vedremo di fare un reset di tutte le azioni istituzionali che siamo chiamati ad assolvere, come il completamento della giunta ed i ruoli nel consiglio comunale, e quindi partiremo velocemente nel nostro lavoro per Sant\u2019Agata\u201d.<\/em><div id=\"videoincontent\" style=\"clear:both\";><\/div><\/p>\n<p style=\"text-align: justify\">\nIl neo sindaco ha annunciato che domenica sera sul lungomare santagatese terr\u00e0 il comizio di ringraziamento alla cittadinanza insieme ai componenti della lista \u201cUniti per Sant\u2019Agata\u201d.<\/p>\n","protected":false},"excerpt":{"rendered":"<p>Si \u00e8 svolta questa mattina, presso la sezione elettorale n\u00b01, ubicata alla Scuola Media \u201cMarconi\u201d, la proclamazione ufficiale del sindaco di Sant\u2019Agata Militello Bruno Mancuso e degli eletti al consiglio comunale. Di fronte all\u2019adunanza dei Presidenti di seggio delle 15 sezioni santagatesi, il Presidente della sezione 1, Alfredo Girbino, componente della Corte d\u2019Appello di Messina, [&hellip;]<\/p>\n","protected":false},"author":6,"featured_media":20611,"comment_status":"closed","ping_status":"open","sticky":false,"template":"","format":"standard","meta":{"ub_ctt_via":"","_mi_skip_tracking":false},"categories":[14],"tags":[],"featured_image_src":"https:\/\/www.messinaoggi.it\/website\/wp-content\/uploads\/2018\/06\/proclamazione-mancuso-1.jpg","author_info":{"display_name":"Redazione MessinaOggi.it","author_link":"https:\/\/www.messinaoggi.it\/website\/author\/p-vinci\/"},"digistream_id":0,"digistream":false,"_links":{"self":[{"href":"https:\/\/www.messinaoggi.it\/website\/wp-json\/wp\/v2\/posts\/20610"}],"collection":[{"href":"https:\/\/www.messinaoggi.it\/website\/wp-json\/wp\/v2\/posts"}],"about":[{"href":"https:\/\/www.messinaoggi.it\/website\/wp-json\/wp\/v2\/types\/post"}],"author":[{"embeddable":true,"href":"https:\/\/www.messinaoggi.it\/website\/wp-json\/wp\/v2\/users\/6"}],"replies":[{"embeddable":true,"href":"https:\/\/www.messinaoggi.it\/website\/wp-json\/wp\/v2\/comments?post=20610"}],"version-history":[{"count":0,"href":"https:\/\/www.messinaoggi.it\/website\/wp-json\/wp\/v2\/posts\/20610\/revisions"}],"wp:featuredmedia":[{"embeddable":true,"href":"https:\/\/www.messinaoggi.it\/website\/wp-json\/wp\/v2\/media\/20611"}],"wp:attachment":[{"href":"https:\/\/www.messinaoggi.it\/website\/wp-json\/wp\/v2\/media?parent=20610"}],"wp:term":[{"taxonomy":"category","embeddable":true,"href":"https:\/\/www.messinaoggi.it\/website\/wp-json\/wp\/v2\/categories?post=20610"},{"taxonomy":"post_tag","embeddable":true,"href":"https:\/\/www.messinaoggi.it\/website\/wp-json\/wp\/v2\/tags?post=20610"}],"curies":[{"name":"wp","href":"https:\/\/api.w.org\/{rel}","templated":true}]}}