{"id":20595,"date":"2018-06-13T16:04:19","date_gmt":"2018-06-13T14:04:19","guid":{"rendered":"http:\/\/www.messinaoggi.it\/website\/?p=20595"},"modified":"2018-06-13T16:04:19","modified_gmt":"2018-06-13T14:04:19","slug":"verso-il-ballottaggio-de-luca-su-salita-rando-i-lavori-inizieranno-presto","status":"publish","type":"post","link":"https:\/\/www.messinaoggi.it\/website\/2018\/06\/13\/verso-il-ballottaggio-de-luca-su-salita-rando-i-lavori-inizieranno-presto\/","title":{"rendered":"Verso il ballottaggio, De Luca su Salita Rando: &quot;i lavori inizieranno presto&quot;"},"content":{"rendered":"<p class=\"ox-4b54087604-MsoNormal\" style=\"text-align: justify\"><i>\u201cQuesto \u00e8 un altro esempio della politica del fare e di come noi vogliamo dare risposte concrete alla comunit\u00e0. Tra qualche giorno partiranno i lavori che spero si concludano prima della fine della campagna elettorale\u201d.<\/i> A dirlo Cateno De Luca, candidato sindaco di Messina oggi durante una\u00a0 conferenza nei pressi della Salita Rando a Messina dove da 17 anni un disabile non riesce ad arrivare da casa sua alla strada principale perch\u00e9 sono presenti delle barriere architettoniche in una scalinata e deve essere prese in braccio dai genitori o amici.<div id=\"div-gpt-ad-Messinaoggi.it-DSK-300x250-corpoart\" style=\"text-align:center;margin:0 auto;\"><\/div><\/p>\n<p class=\"ox-4b54087604-MsoNormal\" style=\"text-align: justify\">\u201c<i>Mi sono imbattuto per \u00a0caso in questa vicenda durante un sopralluogo che ho fatto nella Salita Rando \u2013 prosegue De Luca &#8211; \u00a0dopo che il problema ci era stato segnalato da alcuni residenti. Ho contattato la famiglia che mi ha consegnato la documentazione dove si evidenzia che il consiglio comunale ha fatto nel 2002 diversi sedute sulla vicenda senza riuscire a fare nulla nonostante sia un problema banale. E\u2019 venuta anche Striscia la notizia e altre tv nazionali ad evidenziare la questione, sono passati quasi 17 anni, ma ancora nessuno ha fatto nulla e c\u2019\u00e8 un ragazzo diversamente disabile di 18 anni che \u00e8 sotto libert\u00e0 vigilata perch\u00e9 \u00a0\u00e8 sulla sedia a rotelle e non \u00e8 nelle condizioni di uscire da solo per appena 12 metri di percorso comunale. Ci vuole un investimento economico irrisorio circa 8 mila euro e noi come Sicilia Vera abbiamo contattato un nostro amico imprenditore che con un nostro finanziamento e sotto la direzione dei lavori del\u2019assessore designato Salvatore Mondello adeguer\u00e0 questo percorso eliminando le barriere architettoniche. Abbiamo dunque \u00a0incaricato il nostro assessore designato alle infrastrutture Salvatore Mondello \u00a0si adoperasse per realizzare un progetto e ottenere le autorizzazione necessarie, l\u2019ultima\u00a0 delle quali \u00e8 arrivata la scorsa settimana. Ora inizieremo i lavori e cercheremo di terminarli in meno di 10 giorni prima della fine campagna elettorale\u201d. <\/i><div id=\"videoincontent\" style=\"clear:both\";><\/div><\/p>\n<p class=\"ox-4b54087604-MsoNormal\" style=\"text-align: justify\"><i>\u201cSi \u00e8 provveduto a realizzare un progetto \u2013 spiega l\u2019assessore Salvatore Mondello &#8211; che tenesse in considerazione la morfologia e la geometria dell\u2019attuale stradina per riuscire a superare la criticit\u00e0 che ci \u00e8 stata segnalata cio\u00e8 quella di consentire ad un diversamente abile di poter accedere agevolmente alla strada principale che \u00e8 nel condominio le Terrazze. Non era un problema insormontabile, ci voleva solo buona volont\u00e0 e buon senso\u201d.<\/i><\/p>\n<p class=\"ox-4b54087604-MsoNormal\"><i>\u201cAbito qui da 18 anni e vivo questo problema enorme perch\u00e9 ho un figlio diversamente abile \u2013 spiega Giovanna Giuffr\u00e8 madre del ragazzo \u2013 con un\u2019 invalidit\u00e0 al 100 percento, non\u00a0 cammina, non parla e per portarlo a scuola sono costretta \u00a0a farmi aiutare perch\u00e9 deve essere portato in braccio per andare da casa per questa stradina fino alla strada principale. \u00a0Sono intervenute tv nazionali, il consiglio comunale ee diverse amministrazioni ma poi non \u00e8 stato realizzato nulla. Era stato promesso che sarebbero state abbattute le barriere architettoniche poi nessuno ha fatto quanto promesso. L\u2019on. De Luca che io non ho cercato ha saputo del problema e spontaneamente \u00e8 venuto qui si \u00e8 occupato della questione e in pochi giorni lo sta risolvendo\u201d. <\/i><\/p>\n","protected":false},"excerpt":{"rendered":"<p>\u201cQuesto \u00e8 un altro esempio della politica del fare e di come noi vogliamo dare risposte concrete alla comunit\u00e0. Tra qualche giorno partiranno i lavori che spero si concludano prima della fine della campagna elettorale\u201d. A dirlo Cateno De Luca, candidato sindaco di Messina oggi durante una\u00a0 conferenza nei pressi della Salita Rando a Messina [&hellip;]<\/p>\n","protected":false},"author":14,"featured_media":15100,"comment_status":"closed","ping_status":"open","sticky":false,"template":"","format":"standard","meta":{"ub_ctt_via":"","_mi_skip_tracking":false},"categories":[6],"tags":[],"featured_image_src":"https:\/\/www.messinaoggi.it\/website\/wp-content\/uploads\/2018\/02\/conf-stampade-luca-RRP_1808-1.jpg","author_info":{"display_name":"Antonio Macauda","author_link":"https:\/\/www.messinaoggi.it\/website\/author\/a-macauda\/"},"digistream_id":0,"digistream":false,"_links":{"self":[{"href":"https:\/\/www.messinaoggi.it\/website\/wp-json\/wp\/v2\/posts\/20595"}],"collection":[{"href":"https:\/\/www.messinaoggi.it\/website\/wp-json\/wp\/v2\/posts"}],"about":[{"href":"https:\/\/www.messinaoggi.it\/website\/wp-json\/wp\/v2\/types\/post"}],"author":[{"embeddable":true,"href":"https:\/\/www.messinaoggi.it\/website\/wp-json\/wp\/v2\/users\/14"}],"replies":[{"embeddable":true,"href":"https:\/\/www.messinaoggi.it\/website\/wp-json\/wp\/v2\/comments?post=20595"}],"version-history":[{"count":0,"href":"https:\/\/www.messinaoggi.it\/website\/wp-json\/wp\/v2\/posts\/20595\/revisions"}],"wp:featuredmedia":[{"embeddable":true,"href":"https:\/\/www.messinaoggi.it\/website\/wp-json\/wp\/v2\/media\/15100"}],"wp:attachment":[{"href":"https:\/\/www.messinaoggi.it\/website\/wp-json\/wp\/v2\/media?parent=20595"}],"wp:term":[{"taxonomy":"category","embeddable":true,"href":"https:\/\/www.messinaoggi.it\/website\/wp-json\/wp\/v2\/categories?post=20595"},{"taxonomy":"post_tag","embeddable":true,"href":"https:\/\/www.messinaoggi.it\/website\/wp-json\/wp\/v2\/tags?post=20595"}],"curies":[{"name":"wp","href":"https:\/\/api.w.org\/{rel}","templated":true}]}}