{"id":20591,"date":"2018-06-13T14:58:33","date_gmt":"2018-06-13T12:58:33","guid":{"rendered":"http:\/\/www.messinaoggi.it\/website\/?p=20591"},"modified":"2018-06-13T14:58:33","modified_gmt":"2018-06-13T12:58:33","slug":"tutela-di-diritti-liberta-e-privacy-sul-web-esperti-a-confronto-a-messina","status":"publish","type":"post","link":"https:\/\/www.messinaoggi.it\/website\/2018\/06\/13\/tutela-di-diritti-liberta-e-privacy-sul-web-esperti-a-confronto-a-messina\/","title":{"rendered":"Tutela di diritti, libert\u00e0 e privacy sul web:  esperti a confronto a Messina"},"content":{"rendered":"<p class=\"ox-ed1bc0920d-MsoNormal\" style=\"text-align: justify\">La protezione dei dati personali in rete alla luce della nuova normativa europea sulla privacy, tutela del consumatore, diritti d&#8217;autore e responsabilit\u00e0 online, &#8220;digital single market&#8221; e tutte le novit\u00e0 giurisprudenziali in materia: sono solo alcuni degli argomenti al centro della riflessione da parte di illustri esperti di respiro nazionale, in occasione del convegno promosso <b>venerd\u00ec 15 <\/b>(inizio ore 10) nel Salone degli Specchi di Palazzo dei Leoni dal Corecom Sicilia &#8211; Comitato Regionale per le comunicazioni &#8211; presieduto da <b>Maria Astone<\/b>, ordinario di Diritto Privato e Diritto dei Consumi dell&#8217;Universit\u00e0 di Messina &#8211; in collaborazione con l&#8217;Agcom, Autorit\u00e0 per le Garanzie delle Comunicazioni e con l&#8217;autorevole patrocinio dell&#8217;Universit\u00e0 di Messina &#8211; Dipartimento di Giurisprudenza, Assciazione Nazionale Magistrati sezione di Messina, Consiglio Nazionale Forense, Scuola Superiore di Avvocatura, Scuola Superiore di Magistratura, AIGA (ass. giovani avvocati) sezione di Messina e Citt\u00e0 Metropolitana. L&#8217;evento, dal titolo &#8220;Tutela dei diritti e delle libert\u00e0 fondamentali in rete &#8211; il ruolo dell&#8217;Agcom e dei Corecom&#8221; \u00e8 accreditato per avvocati (6 crediti), giornalisti (1 credito per ogni ora) e per la Scuola Superiore di Magistratura sezione di Messina. Dopo i saluti d&#8217;apertura della presidente Astone, gli interventi di autorit\u00e0 e rappresentanti istituzionali: il dirigente dell&#8217;ufficio legale della Citt\u00e0 Metropolitana <b>Anna Maria Tripodo<\/b>, il presidente dell&#8217;ARS <b>Gianfranco Miccich\u00e8<\/b>; il vicepresidente della Regione e assessore regionale dell&#8217;Economia <b>Gaetano Armao<\/b>; il rettore dell&#8217;ateneo messinese <b>Salvatore Cuzzocrea<\/b>; il commissario Agcom <b>Francesco Posteraro<\/b>; il presidente del coordinamento Corecom d&#8217;Italia <b>Filippo Lucci<\/b>; il direttore del Dipartimento di Giurisprudenza dell&#8217;UNIME <b>Giancarlo De Vero<\/b>; il consigliere nazionale forense <b>Francesco Marullo di Condojanni<\/b>; il direttore della Scuola di Specializzazione per le professioni legali <b>Francesco Astone<\/b>; la presidente dell&#8217;Ass. Naz. Magistrati sezione di Messina <b>Caterina Mangano<\/b>; il presidente Ordine dei Giornalisti di Sicilia <b>Giulio Francese<\/b>; il presidente dell&#8217;Aiga nazionale <b>Alberto Vermiglio<\/b>.<div id=\"div-gpt-ad-Messinaoggi.it-DSK-300x250-corpoart\" style=\"text-align:center;margin:0 auto;\"><\/div><\/p>\n<p class=\"ox-ed1bc0920d-MsoNormal\">La prima sessione, prevista alle 10.30 sar\u00e0 coordinata da Posteraro e vedr\u00e0 le relazioni di <b>Salvatore Sica<\/b>, Universit\u00e0 di Salerno e vicepresidente della Scuola Superiore dell\u2019Avvocatura sul tema &#8220;La protezione dei dati personali con particolare riferimento alla rete: linee evolutive e prospettive dopo il GDPR&#8221;; di Posteraro su &#8220;La tutela del diritto d\u2019autore online&#8221;; di <b>Andrea Zoppini<\/b> dell&#8217;Universit\u00e0 Roma Tre su &#8220;Verso una moderna tutela del consumatore&#8221;. Seguiranno gli interventi di <b>Antonio Vecce<\/b>, commissario Corecom Sicilia su &#8220;Profili penalistici della legge 29 maggio 2017 n. 71 sul cyberbullismo&#8221; e di <b>Alessandro La Rosa<\/b>, co-editor <a href=\"http:\/\/owlitalia.com\" target=\"_blank\" rel=\"noopener noreferrer\">owlitalia.com<\/a> su &#8220;La tutela digitale del diritto d\u2019autore secondo la CGE e le sezioni specializzate dei Tribunali di Roma e Milano&#8221;. La seconda sessione, alle ore 15, sar\u00e0 moderata dal commissario Agcom <b>Antonio<\/b> <b>Nicita<\/b> (che far\u00e0 anche relazione su &#8220;Disinformazione in rete e poteri di regolazione dell\u2019Agcom&#8221;) con questi ospiti: <b>Carolina Lorenzon<\/b>, responsabile Direzione Relazioni Istituzionali Estero Mediaset su &#8220;Responsabilit\u00e0 online ed effetti delle asimmetrie regolamentari nel Digital Single Market: la prospettiva dei Media Europei&#8221;; <b>Ivana Nasti<\/b>, direttore Agcom su &#8220;Il ruolo dell\u2019Autorit\u00e0 garante per le comunicazioni e dei Corecom nella tutela dei diritti degli utenti in internet&#8221;. Infine l&#8217;intervento di <b>Simona Scuderi<\/b>, dottore di ricerca dell&#8217;UNIME su &#8220;CGE, 14 Giugno 2017, causa C-610\/15 e responsabilit\u00e0 civile&#8221;. A trarre le conclusioni il\u00a0 prorettore dell&#8217;Universit\u00e0 Europea di Roma e presidente dell&#8217;Accademia Italiana del Codice di Internet <b>Alberto Gambino<\/b>. Del comitato scientifico del convegno fanno parte, insieme con la presidente Astone, <b>Alessandro Agueci, Giuseppe Di Stefano<\/b>, <b>Alfredo Rizzo<\/b> e <b>Antonio Vece<\/b>.<div id=\"videoincontent\" style=\"clear:both\";><\/div><\/p>\n<p class=\"ox-ed1bc0920d-MsoNormal\">Inoltre, il giorno prima del convegno, <b>gioved\u00ec 14<\/b>, si terr\u00e0 sempre al Palazzo dei Leoni nella Sala Consiliare (inizio ore 9.30), un seminario di approfondimento sul tema &#8220;Il nuovo regolamento sulle procedure di risoluzione delle controversie fra utenti e operatori di comunicazioni elettroniche&#8221; (delibera Agcom n. 203 del 2018) promosso dal Corecom Sicilia con Agcom e Operatori C.E. Prenderanno parte <b>Francesco Di Chiara<\/b>, direttore Corecom Sicilia; <b>Enrico Maria Cotugno<\/b>, vicedirettore Agcom Direzione Tutela del Consumatore (cui sono affidate anche le conclusioni); <b>Antonio Maria Marzocco<\/b>, docente di Diritto Processuale Civile dell&#8217;Universit\u00e0 della Campania; <b>Nicola Princi<\/b>, direttore Corecom Piemonte; <b>Rosario Carnevale<\/b>, direttore Corecom Calabria; il moderatore sar\u00e0 <b>Francesco Ciavattone<\/b>, direttore Corecom Val d\u2019Aosta.<\/p>\n","protected":false},"excerpt":{"rendered":"<p>La protezione dei dati personali in rete alla luce della nuova normativa europea sulla privacy, tutela del consumatore, diritti d&#8217;autore e responsabilit\u00e0 online, &#8220;digital single market&#8221; e tutte le novit\u00e0 giurisprudenziali in materia: sono solo alcuni degli argomenti al centro della riflessione da parte di illustri esperti di respiro nazionale, in occasione del convegno promosso [&hellip;]<\/p>\n","protected":false},"author":15,"featured_media":20592,"comment_status":"closed","ping_status":"open","sticky":false,"template":"","format":"standard","meta":{"ub_ctt_via":"","_mi_skip_tracking":false},"categories":[5],"tags":[],"featured_image_src":"https:\/\/www.messinaoggi.it\/website\/wp-content\/uploads\/2018\/06\/astone-1.jpg","author_info":{"display_name":"red.me","author_link":"https:\/\/www.messinaoggi.it\/website\/author\/red-me\/"},"digistream_id":0,"digistream":false,"_links":{"self":[{"href":"https:\/\/www.messinaoggi.it\/website\/wp-json\/wp\/v2\/posts\/20591"}],"collection":[{"href":"https:\/\/www.messinaoggi.it\/website\/wp-json\/wp\/v2\/posts"}],"about":[{"href":"https:\/\/www.messinaoggi.it\/website\/wp-json\/wp\/v2\/types\/post"}],"author":[{"embeddable":true,"href":"https:\/\/www.messinaoggi.it\/website\/wp-json\/wp\/v2\/users\/15"}],"replies":[{"embeddable":true,"href":"https:\/\/www.messinaoggi.it\/website\/wp-json\/wp\/v2\/comments?post=20591"}],"version-history":[{"count":0,"href":"https:\/\/www.messinaoggi.it\/website\/wp-json\/wp\/v2\/posts\/20591\/revisions"}],"wp:featuredmedia":[{"embeddable":true,"href":"https:\/\/www.messinaoggi.it\/website\/wp-json\/wp\/v2\/media\/20592"}],"wp:attachment":[{"href":"https:\/\/www.messinaoggi.it\/website\/wp-json\/wp\/v2\/media?parent=20591"}],"wp:term":[{"taxonomy":"category","embeddable":true,"href":"https:\/\/www.messinaoggi.it\/website\/wp-json\/wp\/v2\/categories?post=20591"},{"taxonomy":"post_tag","embeddable":true,"href":"https:\/\/www.messinaoggi.it\/website\/wp-json\/wp\/v2\/tags?post=20591"}],"curies":[{"name":"wp","href":"https:\/\/api.w.org\/{rel}","templated":true}]}}