{"id":20553,"date":"2018-06-12T18:27:43","date_gmt":"2018-06-12T16:27:43","guid":{"rendered":"http:\/\/www.messinaoggi.it\/website\/?p=20553"},"modified":"2018-06-12T18:27:43","modified_gmt":"2018-06-12T16:27:43","slug":"elvira-amata-boccia-gli-scrutatori-messinesi","status":"publish","type":"post","link":"https:\/\/www.messinaoggi.it\/website\/2018\/06\/12\/elvira-amata-boccia-gli-scrutatori-messinesi\/","title":{"rendered":"Elvira Amata boccia lo scrutinio messinese"},"content":{"rendered":"<p style=\"text-align: justify\">&#8220;Impensabile che le operazioni di scrutinio avvengano in questa maniera\u201d, cos\u00ec la deputata regionale di Fratelli d\u2019Italia, On. Elvira Amata, a quasi 48 ore dalla chiusura dei seggi commenta la lentezza della macchina chiamata a tradurre in numeri le volont\u00e0 elettorali della citt\u00e0 di Messina. La consigliere uscente e deputata regionale si aggiunge alla lunga lista di critici che hanno evidenziato l&#8217;anormalit\u00e0 delle tempistiche dello spoglio effettuato nel Comune dello Stretto, persino pi\u00f9 lunghe di quelle dei dirimpettai catanesi i quali annoverano per\u00f2 un numero di sezioni superiore a quelle peloritane.<div id=\"div-gpt-ad-Messinaoggi.it-DSK-300x250-corpoart\" style=\"text-align:center;margin:0 auto;\"><\/div><\/p>\n<p style=\"text-align: justify\">\u201cRallentamenti, ritardi e riconteggi sono solo alcune delle conseguenze che una forte inesperienza degli scrutatori e soprattutto dei presidenti di seggio ha determinato. Un tour de force inumano quello che ha visto chi era impegnato ai seggi a rimanere a lavorare anche per oltre 24 ore o pi\u00f9. \u00c8 necessario che si pensi ad un corso obbligatorio per chi andr\u00e0 a rivestire l\u2019incarico di presidente di seggio affinch\u00e9 sia totalmente chiaro a chi ha un ruolo di tale responsabilit\u00e0 ogni aspetto inerente le operazioni di voto e di spoglio. Non \u00e8 raro che addirittura rappresentanti di lista siano dovuti andare in soccorso di Presidenti confusi o inesperti.<div id=\"videoincontent\" style=\"clear:both\";><\/div><\/p>\n<p style=\"text-align: justify\">Ci rendiamo conto &#8211; conclude &#8211; che si tratta di circostanze gravi e certamente non conformi a quella garanzia di correttezza e seriet\u00e0 nello svolgimento della massima azione democratica nel nostro Paese? Una situazione che va rivista una volta per tutte\u201d.<\/p>\n","protected":false},"excerpt":{"rendered":"<p>&#8220;Impensabile che le operazioni di scrutinio avvengano in questa maniera\u201d, cos\u00ec la deputata regionale di Fratelli d\u2019Italia, On. Elvira Amata, a quasi 48 ore dalla chiusura dei seggi commenta la lentezza della macchina chiamata a tradurre in numeri le volont\u00e0 elettorali della citt\u00e0 di Messina. La consigliere uscente e deputata regionale si aggiunge alla lunga [&hellip;]<\/p>\n","protected":false},"author":6,"featured_media":1370,"comment_status":"closed","ping_status":"open","sticky":false,"template":"","format":"standard","meta":{"ub_ctt_via":"","_mi_skip_tracking":false},"categories":[4],"tags":[],"featured_image_src":"https:\/\/www.messinaoggi.it\/website\/wp-content\/uploads\/2017\/06\/Amata-3.jpg","author_info":{"display_name":"Redazione MessinaOggi.it","author_link":"https:\/\/www.messinaoggi.it\/website\/author\/p-vinci\/"},"digistream_id":0,"digistream":false,"_links":{"self":[{"href":"https:\/\/www.messinaoggi.it\/website\/wp-json\/wp\/v2\/posts\/20553"}],"collection":[{"href":"https:\/\/www.messinaoggi.it\/website\/wp-json\/wp\/v2\/posts"}],"about":[{"href":"https:\/\/www.messinaoggi.it\/website\/wp-json\/wp\/v2\/types\/post"}],"author":[{"embeddable":true,"href":"https:\/\/www.messinaoggi.it\/website\/wp-json\/wp\/v2\/users\/6"}],"replies":[{"embeddable":true,"href":"https:\/\/www.messinaoggi.it\/website\/wp-json\/wp\/v2\/comments?post=20553"}],"version-history":[{"count":0,"href":"https:\/\/www.messinaoggi.it\/website\/wp-json\/wp\/v2\/posts\/20553\/revisions"}],"wp:featuredmedia":[{"embeddable":true,"href":"https:\/\/www.messinaoggi.it\/website\/wp-json\/wp\/v2\/media\/1370"}],"wp:attachment":[{"href":"https:\/\/www.messinaoggi.it\/website\/wp-json\/wp\/v2\/media?parent=20553"}],"wp:term":[{"taxonomy":"category","embeddable":true,"href":"https:\/\/www.messinaoggi.it\/website\/wp-json\/wp\/v2\/categories?post=20553"},{"taxonomy":"post_tag","embeddable":true,"href":"https:\/\/www.messinaoggi.it\/website\/wp-json\/wp\/v2\/tags?post=20553"}],"curies":[{"name":"wp","href":"https:\/\/api.w.org\/{rel}","templated":true}]}}