{"id":205509,"date":"2024-07-19T11:26:04","date_gmt":"2024-07-19T09:26:04","guid":{"rendered":"http:\/\/www.messinaoggi.it\/website\/?p=205509"},"modified":"2024-07-19T11:26:05","modified_gmt":"2024-07-19T09:26:05","slug":"bilanci-non-approvati-e-assunzioni-bloccate-il-pd-fa-scoppiare-il-caso","status":"publish","type":"post","link":"https:\/\/www.messinaoggi.it\/website\/2024\/07\/19\/bilanci-non-approvati-e-assunzioni-bloccate-il-pd-fa-scoppiare-il-caso\/","title":{"rendered":"Bilanci non approvati e assunzioni bloccate, il PD fa scoppiare il caso"},"content":{"rendered":"\n<p>Assunzioni congelate per almeno nove lavoratori, di cui alcuni hanno gi\u00e0 ricevuto addirittura il cartellino ed erano pronti ad iniziare il loro servizio presso il Comune di Messina. Tutto fermo, perch\u00e9 i bilanci consuntivi 2023 non sono stati approvati entro il 30 aprile scorso, dunque le assunzioni non si potevano fare e ad oggi non hanno alcuna efficacia. La situazione si sbloccher\u00e0 solo dopo l&#8217;approvazione dei bilanci. <div id=\"div-gpt-ad-Messinaoggi.it-DSK-300x250-corpoart\" style=\"text-align:center;margin:0 auto;\"><\/div><\/p>\n\n\n\n<p>Il caso lo ha fatto scoppiare il Partito Democratico, nelle persone dei consiglieri comunali <strong>Alessandro Russo, Felice Calabr\u00f2 ed Antonella Russo. <\/strong><div id=\"videoincontent\" style=\"clear:both\";><\/div><\/p>\n\n\n\n<figure class=\"wp-block-image size-large\"><img loading=\"lazy\" width=\"800\" height=\"445\" src=\"http:\/\/www.messinaoggi.it\/website\/wp-content\/uploads\/2018\/11\/Calabro-Felice-e-Russo-Antonella-in-conferenza-stampa-su-Salva-Messina-messinaoggiMarcyRuggi.jpg\" alt=\"\" class=\"wp-image-26381\"\/><figcaption>Felice Calabr\u00f2 e Antonella Russo <\/figcaption><\/figure>\n\n\n\n<figure class=\"wp-block-image size-large is-resized\"><img loading=\"lazy\" src=\"http:\/\/www.messinaoggi.it\/website\/wp-content\/uploads\/2024\/03\/56726528_10156712507750091_5194693357451870208_n.jpg\" alt=\"\" class=\"wp-image-192507\" width=\"552\" height=\"554\" srcset=\"https:\/\/www.messinaoggi.it\/website\/wp-content\/uploads\/2024\/03\/56726528_10156712507750091_5194693357451870208_n.jpg 956w, https:\/\/www.messinaoggi.it\/website\/wp-content\/uploads\/2024\/03\/56726528_10156712507750091_5194693357451870208_n-300x300.jpg 300w, https:\/\/www.messinaoggi.it\/website\/wp-content\/uploads\/2024\/03\/56726528_10156712507750091_5194693357451870208_n-150x150.jpg 150w, https:\/\/www.messinaoggi.it\/website\/wp-content\/uploads\/2024\/03\/56726528_10156712507750091_5194693357451870208_n-768x771.jpg 768w\" sizes=\"(max-width: 552px) 100vw, 552px\" \/><figcaption>Alessandro Russo<\/figcaption><\/figure>\n\n\n\n<p>&#8220;Da sempre questo gruppo consiliare ha manifestato forti dubbi in ordine alla gestione del personale comunale da parte e dell&#8217;amministrazione precedente e dell&#8217;attuale, tuttavia mai avremmo immaginato di dover assistere a situazioni paradossali come quelle attuali, in cui veramente la realt\u00e0 (davvero grottesca) ha di gran lunga superato la fantasia (anche la pi\u00f9 assurda)&#8221; hanno affermato in una nota i consiglieri.<\/p>\n\n\n\n<p>&#8220;Dall&#8217;esame di diversi provvedimenti amminstrativi, abbiamo potuto appurare che il comune di Messina ha assunto, contrattualizzato ed assegnato ai vari dipartimenti 6 unit\u00e0 di personale nel corso del mese di giugno 2024; ha assunto, ma non ancora contrattualizzato (per la precisione, nei casi in esame, il contratto \u00e8 stato sottoscritto solo dai dipendenti e deve essere ancora firmato dal dirigente competente) 2 unit\u00e0 di personale con decorrenza 1 luglio. In merito a queste 2 risorse, inoltre, abbiamo appreso che le medesime, sebbene non abbiano ancora ricevuto copia del contratto sottoscritto dal rappresentante dell&#8217;ente, sono state gi\u00e0 dotate di relativo badge per la timbratura e sono in attesa della relativa assegnazione al dipartimento di competenza; infine, ma non ultimo, la detta amministrazione ha conferito, con l&#8217;utilizzatissimo strumento sancito dall&#8217;art. 1 10 D. Lgs. 267\/2000, l&#8217;incarico di direzione del Corpo di Polizia Municipale, giusta decreto sindacale del 03\/05\/2024 (sul reiterato uso del conferimento di incarichi dirigenziali ex art. 1 IO, ci riserviamo un puntuale approfondimento)&#8221; spiegano i consiglieri, che fanno quindi riferimento al conferimento dell&#8217;incarico di comandante della Polizia municipale a <strong>Giovanni Giardina<\/strong>.<\/p>\n\n\n\n<p>&#8220;La realt\u00e0 sopra esposta, appalesa i macroscopici errori commessi nella gestione del personale comunale, la cui responsabilit\u00e0, evidentemente, non potr\u00e0 essere scaricata, com&#8217;\u00e8 costume ed uso nel bel paese, addosso ai singoli funzionari, semplici esecutori di disposizioni impartite dai vertici amministrativi, i quali dovranno, per contro, unitamente al vertice politico dell&#8217;ente, rispondere nelle opportune sedi, tenendo indenne l&#8217;ente locale da qualsivoglia nocumento&#8221; continuano.<\/p>\n\n\n\n<p>E concludono annunciando che &#8220;nei prossimi giorni, acquisiti gli ulteriori documenti, chiederemo la convocazione delle SS. LL. nella competente commissione consiliare e valuteremo le ulteriori iniziative da intraprendere a tutela del comune di Messina&#8221;.<\/p>\n\n\n\n<figure class=\"wp-block-image size-large is-resized\"><img loading=\"lazy\" src=\"http:\/\/www.messinaoggi.it\/website\/wp-content\/uploads\/2020\/02\/francesco-fucile.jpg\" alt=\"\" class=\"wp-image-40575\" width=\"513\" height=\"663\"\/><figcaption>francesco fucile, segretario generale Cgil<\/figcaption><\/figure>\n\n\n\n<p>Anche Fp Cgil interviene, nelle persone del segretario generale <strong>Francesco Fucile<\/strong> e del segretario provinciale <strong>Giuseppe Previti<\/strong>:<\/p>\n\n\n\n<p>\u201cSei sono in possesso di contratto di assunzione sottoscritto regolarmente dalle parti. Due dipendenti, invece, si trovano in una situazione paradossale, angosciante sia sul piano pratico che psicologico. Dall\u20191 luglio 2024, data di \u201cassunzione\u201d, pur in presenza del tesserino per la timbratura consegnato dagli uffici, con regolare apertura di posizione contributiva all\u2019Inps, e nonostante gli sia stato sottoposto il contratto e solo da loro firmato, apprendono che non si \u00e8 instaurato alcun rapporto di lavoro con il Comune di Messina. In sostanza, da allora sono in attesa della firma del direttore generale e dell\u2019assegnazione a un Dipartimento e\/o ufficio\u201d.<\/p>\n\n\n\n<p>\u201cInfatti, lo scorso 17 luglio, il direttore generale, con una comunicazione, ha reso loro noto che \u201cerroneamente era stato comunicato di potere sottoscrivere il contratto di lavoro subordinato con il Comune di Messina in data 28.06.2024\u201d. E che pertanto, in osservanza della citata normativa, il direttore generale non ha sottoscritto il contratto e che nessun tipo di rapporto di lavoro si \u00e8 instaurato con i lavoratori. Per il direttore generale tutto si concretizzer\u00e0 non appena approvato il rendiconto e il consolidato\u201d continuano.<\/p>\n\n\n\n<p>&#8220;il ragioniere generale ha comunicato a tutti gli uffici comunali che in assenza dell\u2019approvazione del consuntivo 2023 non si potevano fare assunzioni? Il direttore generale non era a conoscenza che il rendiconto 2023 non risulta a tutt\u2019oggi approvato? La segretaria generale, che ha assegnato ai Dipartimenti il personale assunto 1 e 4 giugno2024, compreso il dipendente in comando, come mai non ha bloccato tutto? I dipendenti dell\u2019ufficio preposti all\u2019assunzione hanno ricevuto direttive in merito alla mancata approvazione del consuntivo 2023?&#8221; concludono i sindacalisti. <\/p>\n\n\n\n<figure class=\"wp-block-image size-large\"><img loading=\"lazy\" width=\"960\" height=\"720\" src=\"http:\/\/www.messinaoggi.it\/website\/wp-content\/uploads\/2022\/11\/dafne-musolino.jpg\" alt=\"\" class=\"wp-image-128899\" srcset=\"https:\/\/www.messinaoggi.it\/website\/wp-content\/uploads\/2022\/11\/dafne-musolino.jpg 960w, https:\/\/www.messinaoggi.it\/website\/wp-content\/uploads\/2022\/11\/dafne-musolino-300x225.jpg 300w, https:\/\/www.messinaoggi.it\/website\/wp-content\/uploads\/2022\/11\/dafne-musolino-768x576.jpg 768w\" sizes=\"(max-width: 960px) 100vw, 960px\" \/><figcaption>Dafne Musolino<\/figcaption><\/figure>\n\n\n\n<p>Interviene anche la senatrice di Italia Viva <strong>Dafne Musolino<\/strong>:<\/p>\n\n\n\n<p>&#8220;L\u2019avevo detto e l\u2019ho ripetuto che questa amministrazione di Messina non aveva nulla a che vedere con la precedente. Superficiali, pasticcioni e, come in quest\u2019ultimo caso\u2026incompetenti. Si \u00e8 voluto far passare il messaggio che la non approvazione del bilancio consultivo fosse quasi un segnale di buona amministrazione, perch\u00e9 anche altri comuni erano nella stessa situazione e adesso scappa fuori che le assunzioni che l\u2019amministrazione ha fatto in fretta e furia dopo il 30 aprile non potevano essere fatte e ora sono congelate.Perch\u00e9 non si potevano fare? Semplice perch\u00e9 la legge italiana (questa sconosciuta) vieta espressamente ai comuni di fare assunzioni nel caso (come quello di Messina) in cui i documenti contabili non siano stati approvati entro i termini previsti&#8221;.<\/p>\n\n\n\n<p>&#8220;Lo ha dovuto ammettere anche il Direttore Generale e viene da chiedersi prima dove fosse. Nonostante questo per sei dipendenti il contratto di assunzione \u00e8 stato regolarmente sottoscritto anche dal Comune e per un dipendente in comando \u00e8 stata fatta la relativa assegnazione. Per altri due dipendenti la data di assunzione era il primo luglio e da quel giorno hanno il tesserino per timbrare e una posizione regolarmente aperta all\u2019INPS e il contratto firmato ma solo da loro, non dal direttore generale&#8221; ha spiegato. <\/p>\n\n\n\n<p>&#8220;Ora alle persone di buona volont\u00e0 di Messina sar\u00e0 pi\u00f9 chiaro perch\u00e9 mi sono occupata di cosa stava facendo l\u2019amministrazione di Messina, visto che nessuno controllava, ho dovuto pi\u00f9 volte esercitare il mio ruolo di Senatrice\u2026ovviamente!Per quello che mi riguarda credo si tratti solo della punta di un iceberg, perch\u00e9 \u00e8 fin troppo evidente che \u00e8 questo il modo di gestire la cosa pubblica a Messina&#8221; conclude.<\/p>\n\n\n\n<p><strong>Michele Bruno.<\/strong><\/p>\n","protected":false},"excerpt":{"rendered":"<p>Assunzioni congelate per almeno nove lavoratori, di cui alcuni hanno gi\u00e0 ricevuto addirittura il cartellino ed erano pronti ad iniziare il loro servizio presso il Comune di Messina. Tutto fermo, perch\u00e9 i bilanci consuntivi 2023 non sono stati approvati entro il 30 aprile scorso, dunque le assunzioni non si potevano fare e ad oggi non [&hellip;]<\/p>\n","protected":false},"author":123457,"featured_media":197716,"comment_status":"open","ping_status":"open","sticky":false,"template":"","format":"standard","meta":{"ub_ctt_via":"","_mi_skip_tracking":false},"categories":[19],"tags":[2185,6371,10259,10260,3309,3015,5572,7952,2002,167,6003,2040,5344,610,5977],"featured_image_src":"https:\/\/www.messinaoggi.it\/website\/wp-content\/uploads\/2024\/05\/palazzo-zanca-bis.png","author_info":{"display_name":"Michele Bruno","author_link":"https:\/\/www.messinaoggi.it\/website\/author\/michele-bruno\/"},"digistream_id":0,"digistream":false,"_links":{"self":[{"href":"https:\/\/www.messinaoggi.it\/website\/wp-json\/wp\/v2\/posts\/205509"}],"collection":[{"href":"https:\/\/www.messinaoggi.it\/website\/wp-json\/wp\/v2\/posts"}],"about":[{"href":"https:\/\/www.messinaoggi.it\/website\/wp-json\/wp\/v2\/types\/post"}],"author":[{"embeddable":true,"href":"https:\/\/www.messinaoggi.it\/website\/wp-json\/wp\/v2\/users\/123457"}],"replies":[{"embeddable":true,"href":"https:\/\/www.messinaoggi.it\/website\/wp-json\/wp\/v2\/comments?post=205509"}],"version-history":[{"count":20,"href":"https:\/\/www.messinaoggi.it\/website\/wp-json\/wp\/v2\/posts\/205509\/revisions"}],"predecessor-version":[{"id":205538,"href":"https:\/\/www.messinaoggi.it\/website\/wp-json\/wp\/v2\/posts\/205509\/revisions\/205538"}],"wp:featuredmedia":[{"embeddable":true,"href":"https:\/\/www.messinaoggi.it\/website\/wp-json\/wp\/v2\/media\/197716"}],"wp:attachment":[{"href":"https:\/\/www.messinaoggi.it\/website\/wp-json\/wp\/v2\/media?parent=205509"}],"wp:term":[{"taxonomy":"category","embeddable":true,"href":"https:\/\/www.messinaoggi.it\/website\/wp-json\/wp\/v2\/categories?post=205509"},{"taxonomy":"post_tag","embeddable":true,"href":"https:\/\/www.messinaoggi.it\/website\/wp-json\/wp\/v2\/tags?post=205509"}],"curies":[{"name":"wp","href":"https:\/\/api.w.org\/{rel}","templated":true}]}}