{"id":20547,"date":"2018-06-12T17:50:38","date_gmt":"2018-06-12T15:50:38","guid":{"rendered":"http:\/\/www.messinaoggi.it\/website\/?p=20547"},"modified":"2018-06-12T17:50:38","modified_gmt":"2018-06-12T15:50:38","slug":"verso-il-ballottaggio-de-luca-mai-piu-barriere-architettoniche-a-salita-rando","status":"publish","type":"post","link":"https:\/\/www.messinaoggi.it\/website\/2018\/06\/12\/verso-il-ballottaggio-de-luca-mai-piu-barriere-architettoniche-a-salita-rando\/","title":{"rendered":"Verso il ballottaggio, De Luca: &quot;mai pi\u00f9 barriere architettoniche a Salita Rando&quot;"},"content":{"rendered":"<p class=\"ox-0a148d955f-MsoNormal\"><b>\u00a0<\/b><div id=\"div-gpt-ad-Messinaoggi.it-DSK-300x250-corpoart\" style=\"text-align:center;margin:0 auto;\"><\/div><\/p>\n<p class=\"ox-0a148d955f-MsoNormal\">Nella logica della politica del fare e soprattutto dando seguito alle dichiarazioni fatte da Cateno De Luca, nella prima parte della campagna elettorale, in data odierna si dar\u00e0 inizio ai lavori per il \u201c<i>superamento e l\u2019eliminazione delle barriere architettoniche della parte finale della Salita Rando\u201d<\/i>. \u201c<i>Durante il tour nei quartieri della prima fase, &#8211; spiegano\u00a0 Cateno De Luca e l\u2019assessore designato Salvatore Mondello &#8211; ci era stata segnalata una criticit\u00e0 da una mamma che aveva, ed ha, enormi difficolt\u00e0 a garantire \u201cnormalit\u00e0\u201d al proprio figlio disabile, infatti lo stesso, a causa di una scalinata pubblica, priva di tutti i requisiti previsti dalle normative sulle barriere architettoniche, deve essere portato a braccio per uscire di casa. Tale problematica era stata pi\u00f9 e pi\u00f9 volte resa nota alle Amministrazioni comunali, infatti gi\u00e0 nel 2002 (sedici anni fa) si parlava di questa criticit\u00e0<\/i>: l\u2019uno <i>f<\/i><i>ebbraio 2002 durante la seduta n. 7 della Circoscrizione VII del Comune di Messina \u00e8 affrontato il problema del \u201cRipristino scalinata Rando\u201d e durante la seduta si evidenziava, gi\u00e0 sedici anni fa,\u00a0 \u201c<u>c<\/u>he la suddetta scalinata \u00e8 utilizzata da numerose famiglie che abitano nella zona e che le disastrate condizioni in cui versa arreca serio nocumento all\u2019incolumit\u00e0 di chi vi transita\u201d il verbale del consiglio prosegue affermando che \u201csarebbe opportuno realizzare accanto alla scalinata una rampa con una pavimentazione antisdrucciolo per dare la possibilit\u00e0 ai portatori di Handicap di percorrerla e realizzare, inoltre, uno scorrimano di ausilio per i numerosi anziani che abitano nella zona\u201d e si conclude proponendo all\u2019Assessore della Infrastrutture Territoriali di farsi carico del ripristino della scalinata Rando e la realizzazione di quanto espresso in narrativa.<\/i><div id=\"videoincontent\" style=\"clear:both\";><\/div><\/p>\n<p class=\"ox-0a148d955f-gmail-MsoListParagraph\">&#8211;\u00a0\u00a0\u00a0\u00a0\u00a0\u00a0\u00a0\u00a0\u00a0\u00a0\u00a0 Il <i>21 febbraio 2002 gli abitanti della Salita Rando protocollano una petizione al Comune di Messina nella quale rappresentano ancora una volta le difficolt\u00e0 riguardanti le condizioni di sporcizia, fatiscenza e di scarsa illuminazione della suddetta scalinata e soprattutto le difficolt\u00e0 di utilizzo per le persone diversamente abili e gli anziani, chiedendo infine al comune un impegno concreto nel \u201cprovvedere alla corretta manutenzione della strada, al ripristino dell\u2019illuminazione e all\u2019abbattimento delle barriere architettoniche (\u2026)<b><u>\u201d<\/u><\/b>Tutto ci\u00f2 senza che ad oggi si sia avuto alcun riscontro da parte degli organi comunali competenti in materia. <\/i><\/p>\n<p class=\"ox-0a148d955f-gmail-MsoListParagraph\">&#8211;\u00a0\u00a0\u00a0\u00a0\u00a0\u00a0\u00a0\u00a0\u00a0\u00a0\u00a0 <i>Nel 2008, la criticit\u00e0 \u00e8 stata oggetto di una puntata del noto programma nazionale \u201cStriscia la Notizia; <\/i>Poi lo scorso 10 aprile \u00e8 stato redatto il progetto, a firma dell\u2019architetto Salvatore Mondello, per l\u2019abbattimento delle barriere architettoniche e lo stesso riportava tutti i pareri favorevoli degli Enti\/Dipartimenti competenti in un tempo di circa un mese:<i><\/i><\/p>\n<p class=\"ox-0a148d955f-gmail-Default\">Nulla Osta prot. n. 103478 del 20\/04\/2018 ai fini patrimoniali rilasciato dal Dipartimento Demanio &#8211; Patrimonio &#8211; Beni Comuni &#8211; Espropriazioni del Comune di Messina;<\/p>\n<p class=\"ox-0a148d955f-gmail-Default\">Nulla Osta prot. n. 126250 del 17\/05\/2018 ai fini viabili rilasciato dal Dipartimento Mobilit\u00e0 Urbana del Comune di Messina;<\/p>\n<p class=\"ox-0a148d955f-gmail-Default\">Nulla Osta prot. n\u00b0 115027\/sev. 04 del 04\/05\/2018 Dipartimento Lavori Pubblici del Comune di Messina; Parere tecnico ai sensi delle norme sismiche vigenti prot. n. 122217 del 31\/05\/2018 rilasciato dall&#8217;Ufficio del Genio Civile di Messina;<\/p>\n<p class=\"ox-0a148d955f-MsoNormal\">C.I.L. depositata presso il Dipartimento Attivit\u00e0 Edilizie e Repressione dell\u2019Abusivismo prot. n\u00b0 147010\/2018.Il costo dei lavori, sar\u00e0 sostenuto totalmente dall\u2019Associazione \u201cSicilia Vera\u201d, che ha lanciato una pubblica sottoscrizione, il progetto e la Direzione Lavori sono a carico dello studio Mondello.<\/p>\n","protected":false},"excerpt":{"rendered":"<p>\u00a0 Nella logica della politica del fare e soprattutto dando seguito alle dichiarazioni fatte da Cateno De Luca, nella prima parte della campagna elettorale, in data odierna si dar\u00e0 inizio ai lavori per il \u201csuperamento e l\u2019eliminazione delle barriere architettoniche della parte finale della Salita Rando\u201d. \u201cDurante il tour nei quartieri della prima fase, &#8211; [&hellip;]<\/p>\n","protected":false},"author":15,"featured_media":16474,"comment_status":"closed","ping_status":"open","sticky":false,"template":"","format":"standard","meta":{"ub_ctt_via":"","_mi_skip_tracking":false},"categories":[6],"tags":[],"featured_image_src":"https:\/\/www.messinaoggi.it\/website\/wp-content\/uploads\/2018\/03\/conf-de-luca-RRP_5480-1.jpg","author_info":{"display_name":"red.me","author_link":"https:\/\/www.messinaoggi.it\/website\/author\/red-me\/"},"digistream_id":0,"digistream":false,"_links":{"self":[{"href":"https:\/\/www.messinaoggi.it\/website\/wp-json\/wp\/v2\/posts\/20547"}],"collection":[{"href":"https:\/\/www.messinaoggi.it\/website\/wp-json\/wp\/v2\/posts"}],"about":[{"href":"https:\/\/www.messinaoggi.it\/website\/wp-json\/wp\/v2\/types\/post"}],"author":[{"embeddable":true,"href":"https:\/\/www.messinaoggi.it\/website\/wp-json\/wp\/v2\/users\/15"}],"replies":[{"embeddable":true,"href":"https:\/\/www.messinaoggi.it\/website\/wp-json\/wp\/v2\/comments?post=20547"}],"version-history":[{"count":0,"href":"https:\/\/www.messinaoggi.it\/website\/wp-json\/wp\/v2\/posts\/20547\/revisions"}],"wp:featuredmedia":[{"embeddable":true,"href":"https:\/\/www.messinaoggi.it\/website\/wp-json\/wp\/v2\/media\/16474"}],"wp:attachment":[{"href":"https:\/\/www.messinaoggi.it\/website\/wp-json\/wp\/v2\/media?parent=20547"}],"wp:term":[{"taxonomy":"category","embeddable":true,"href":"https:\/\/www.messinaoggi.it\/website\/wp-json\/wp\/v2\/categories?post=20547"},{"taxonomy":"post_tag","embeddable":true,"href":"https:\/\/www.messinaoggi.it\/website\/wp-json\/wp\/v2\/tags?post=20547"}],"curies":[{"name":"wp","href":"https:\/\/api.w.org\/{rel}","templated":true}]}}