{"id":20546,"date":"2018-06-12T17:45:28","date_gmt":"2018-06-12T15:45:28","guid":{"rendered":"http:\/\/www.messinaoggi.it\/website\/?p=20546"},"modified":"2018-06-12T17:45:28","modified_gmt":"2018-06-12T15:45:28","slug":"porti-aperti-sit-in-alla-batteria-masotto","status":"publish","type":"post","link":"https:\/\/www.messinaoggi.it\/website\/2018\/06\/12\/porti-aperti-sit-in-alla-batteria-masotto\/","title":{"rendered":"Porti aperti, sit-in alla Batteria Masotto"},"content":{"rendered":"<p style=\"text-align: justify\"><span class=\"_5yl5\">Anche a Messina i cittadini scendono in piazza per unirsi al movimento che in tutta Italia si \u00e8 mobilitato dopo il caso di Aquarius, la nave della ong SOS Mediterranee e di Medici Senza Frontiere, a cui \u00e8 stato impedito di attraccare nei porti italiani per volont\u00e0 del Ministro dell\u2019Interno Salvini. L\u2019appuntamento \u00e8 stato fissato per oggi 12 giugno 2018 alle 19 alla passeggiata a Mare nei pressi della Batteria Masotto, luogo simbolo sia per la vicinanza col porto sia per ricordare come proprio in questa area \u00e8 sbarcato Papa Giovanni Paolo II in visita a Messina, terra di passaggio e di accoglienza. <\/span><div id=\"div-gpt-ad-Messinaoggi.it-DSK-300x250-corpoart\" style=\"text-align:center;margin:0 auto;\"><\/div><\/p>\n<p style=\"text-align: justify\"><span class=\"_5yl5\">A promuovere la manifestazione diversi messinesi impegnati sul fronte della sensibilizzazione contro le politiche migratorie espresse dal neo governo leghista, che con l\u2019avallo del Movimento 5 Stelle ha permesso che la nave Aquarius con 629 persone a bordo e nonostante l\u2019appello di Medici senza frontiere, debba raggiungere Valencia: 3 o 4 giorni di viaggio in pi\u00f9, che sottrae risorse per i soccorsi che dovrebbero intervenire l\u00ec dove si continua a morire. Tra i promotori Nina Santisi, ex assessore della coalizione a sostegno del sindaco uscente Renato Accorinti, Palmira Mancuso, giornalista e common officer lo scorso anno a bordo di Aquarius per Sos Mediterranee, i ragazzi di Generazione R e il fumettista Lelio Bonaccorso che proprio in questi mesi ha pubblicato la grafic novel Salvezza descrivendo con Marco Rizzo le operazioni di soccorso e la vita a bordo di Aquarius. <\/span><div id=\"videoincontent\" style=\"clear:both\";><\/div><\/p>\n<p style=\"text-align: justify\"><span class=\"_5yl5\">\u201cE\u2019 importante far sapere da che parte stiamo \u2013 ha detto Nina Santisi \u2013 cos\u00ec come abbiamo sottolineato con la giunta uscente qualche giorno fa. Non possiamo rimanere ad osservare queste violazioni dei diritti umani che aprono la strada al trionfo di Salvini\u201d. \u201cHo ascolto la voce di alcuni membri dell\u2019equipaggio e faccio mio l\u2019appello inascoltato lanciato oggi dai medici a bordo che avevo chiesto di facilitare lo sbarco immediato \u2013 aggiunge Palmira Mancuso \u2013 la disponibilit\u00e0 della Spagna non risolve il problema, ma rischia di legittimare il comportamento illecito dell\u2019Italia\u201d. Nell\u2019ottica di portare in piazza i valori positivi della solidariet\u00e0, della pace e della difesa dei diritti umani, l\u2019appuntamento sar\u00e0 occasione per proseguire la testimonianza dei valori messi in campo dai tanti cittadini che credono in una politica pi\u00f9 umana.<\/span><\/p>\n","protected":false},"excerpt":{"rendered":"<p>Anche a Messina i cittadini scendono in piazza per unirsi al movimento che in tutta Italia si \u00e8 mobilitato dopo il caso di Aquarius, la nave della ong SOS Mediterranee e di Medici Senza Frontiere, a cui \u00e8 stato impedito di attraccare nei porti italiani per volont\u00e0 del Ministro dell\u2019Interno Salvini. L\u2019appuntamento \u00e8 stato fissato [&hellip;]<\/p>\n","protected":false},"author":15,"featured_media":1557,"comment_status":"closed","ping_status":"open","sticky":false,"template":"","format":"standard","meta":{"ub_ctt_via":"","_mi_skip_tracking":false},"categories":[4],"tags":[],"featured_image_src":"https:\/\/www.messinaoggi.it\/website\/wp-content\/uploads\/2017\/06\/Migranti-sbarco-Messina-2.jpg","author_info":{"display_name":"red.me","author_link":"https:\/\/www.messinaoggi.it\/website\/author\/red-me\/"},"digistream_id":0,"digistream":false,"_links":{"self":[{"href":"https:\/\/www.messinaoggi.it\/website\/wp-json\/wp\/v2\/posts\/20546"}],"collection":[{"href":"https:\/\/www.messinaoggi.it\/website\/wp-json\/wp\/v2\/posts"}],"about":[{"href":"https:\/\/www.messinaoggi.it\/website\/wp-json\/wp\/v2\/types\/post"}],"author":[{"embeddable":true,"href":"https:\/\/www.messinaoggi.it\/website\/wp-json\/wp\/v2\/users\/15"}],"replies":[{"embeddable":true,"href":"https:\/\/www.messinaoggi.it\/website\/wp-json\/wp\/v2\/comments?post=20546"}],"version-history":[{"count":0,"href":"https:\/\/www.messinaoggi.it\/website\/wp-json\/wp\/v2\/posts\/20546\/revisions"}],"wp:featuredmedia":[{"embeddable":true,"href":"https:\/\/www.messinaoggi.it\/website\/wp-json\/wp\/v2\/media\/1557"}],"wp:attachment":[{"href":"https:\/\/www.messinaoggi.it\/website\/wp-json\/wp\/v2\/media?parent=20546"}],"wp:term":[{"taxonomy":"category","embeddable":true,"href":"https:\/\/www.messinaoggi.it\/website\/wp-json\/wp\/v2\/categories?post=20546"},{"taxonomy":"post_tag","embeddable":true,"href":"https:\/\/www.messinaoggi.it\/website\/wp-json\/wp\/v2\/tags?post=20546"}],"curies":[{"name":"wp","href":"https:\/\/api.w.org\/{rel}","templated":true}]}}