{"id":205230,"date":"2024-07-17T15:38:33","date_gmt":"2024-07-17T13:38:33","guid":{"rendered":"http:\/\/www.messinaoggi.it\/website\/?p=205230"},"modified":"2024-07-17T15:38:35","modified_gmt":"2024-07-17T13:38:35","slug":"inaugurata-la-nuova-villetta-dedicata-a-giuseppe-sano-dopo-i-lavori","status":"publish","type":"post","link":"https:\/\/www.messinaoggi.it\/website\/2024\/07\/17\/inaugurata-la-nuova-villetta-dedicata-a-giuseppe-sano-dopo-i-lavori\/","title":{"rendered":"Inaugurata la nuova villetta dedicata a Giuseppe San\u00f2, dopo i lavori"},"content":{"rendered":"\n<p>Stamattina \u00e8 stata inaugurata la rinnovata villetta di Via Scuole a Torre Faro, riqualificata dall&#8217;amministrazione Basile, e in cui il prossimo 19 settembre sar\u00e0 posta una targa dedicata al compianto <strong>Giuseppe San\u00f2<\/strong>. I lavori, realizzati dalla ditta Proedil Srl e seguiti dall&#8217;assessore <strong>Massimiliano Minutoli<\/strong>, sono quasi completi, con giochi nuovi (compresi quelli inclusivi), panchine, vialetti e aiuole pulite, cestini per i rifiuti e per le deiezioni canine e\u00a0due nuovi gazebo\u00a0con dei tavoli per il pic nic. Manca solo una fontanella per l\u2019acqua potabile. I lavori sono stati finanziati con uno stanziamento di 113mila euro. <div id=\"div-gpt-ad-Messinaoggi.it-DSK-300x250-corpoart\" style=\"text-align:center;margin:0 auto;\"><\/div><\/p>\n\n\n\n<p>Un&#8217;idea che nasce da un progetto di democrazia partecipata presentato due anni fa da un comitato spontaneo di Torre Faro e sostenuto da centinaia e centinaia di cittadine\/i spinte\/i soprattutto &#8220;dal desiderio di dedicare qualcosa di bello del villaggio a chi come Giuseppe San\u00f2 si \u00e8 battuto tanto per la difesa e lo sviluppo del nostro territorio&#8221;.<div id=\"videoincontent\" style=\"clear:both\";><\/div><\/p>\n\n\n\n<figure class=\"wp-block-image size-large is-resized\"><img loading=\"lazy\" src=\"http:\/\/www.messinaoggi.it\/website\/wp-content\/uploads\/2024\/07\/IMG-20240717-WA0015-1024x768.jpg\" alt=\"\" class=\"wp-image-205250\" width=\"595\" height=\"447\" srcset=\"https:\/\/www.messinaoggi.it\/website\/wp-content\/uploads\/2024\/07\/IMG-20240717-WA0015-1024x768.jpg 1024w, https:\/\/www.messinaoggi.it\/website\/wp-content\/uploads\/2024\/07\/IMG-20240717-WA0015-300x225.jpg 300w, https:\/\/www.messinaoggi.it\/website\/wp-content\/uploads\/2024\/07\/IMG-20240717-WA0015-768x576.jpg 768w, https:\/\/www.messinaoggi.it\/website\/wp-content\/uploads\/2024\/07\/IMG-20240717-WA0015-1536x1152.jpg 1536w, https:\/\/www.messinaoggi.it\/website\/wp-content\/uploads\/2024\/07\/IMG-20240717-WA0015.jpg 2048w\" sizes=\"(max-width: 595px) 100vw, 595px\" \/><figcaption>Membri del Comitato Giuseppe San\u00f2 durante l&#8217;inaugurazione <\/figcaption><\/figure>\n\n\n\n<p>Il Comitato \u00e8 riuscito ad ottenere la riqualificazione partecipando nel 2022 ad un bando di democrazia partecipata organizzato annualmente dall&#8217;amministrazione Basile. <\/p>\n\n\n\n<p>La targa che sar\u00e0 apposta presso la villetta, recher\u00e0 la dedica a &#8220;Giuseppe San\u00f2, Capitan Peloro&#8221;. Non potr\u00e0 essere fatta una vera e propria intitolazione ufficiale, perch\u00e9 per legge \u00e8 necessario che siano passati 10 anni dalla morte. <\/p>\n\n\n\n<p>Durante la cerimonia di inaugurazione sono stati presenti proprio il sindaco <strong>Federico Basile<\/strong>, l&#8217;assessore all&#8217;arredo urbano Massimiliano Minutoli, e il consigliere di maggioranza <strong>Francesco Cipolla<\/strong>, assieme agli attivisti del Comitato &#8220;Villetta Giuseppe San\u00f2&#8221; e ai familiari. <\/p>\n\n\n\n<p>Giuseppe \u00e8 morto l&#8217;undici maggio del 2020, mentre si immergeva nel suo amato mare per fare pesca subacquea, la sua passione. Era un attivista politico, era stato candidato alle elezioni europee 2019 con Pi\u00f9 Europa e fu candidato a sostegno della rielezione dell&#8217;ex sindaco Accorinti, nella lista Percorso Comune. Era stato anche consigliere della VI Municipalit\u00e0, ma soprattutto si era dedicato al mare e al luogo in cui viveva, con diverse battaglie a difesa del territorio e del litorale, con particolare attenzione per Capo Peloro e Torre Faro, luoghi del cuore ai quali ha dedicato sempre passione ed entusiasmo.\u00a0<\/p>\n\n\n\n<p><strong>Michela Bruno.<\/strong><\/p>\n","protected":false},"excerpt":{"rendered":"<p>Stamattina \u00e8 stata inaugurata la rinnovata villetta di Via Scuole a Torre Faro, riqualificata dall&#8217;amministrazione Basile, e in cui il prossimo 19 settembre sar\u00e0 posta una targa dedicata al compianto Giuseppe San\u00f2. I lavori, realizzati dalla ditta Proedil Srl e seguiti dall&#8217;assessore Massimiliano Minutoli, sono quasi completi, con giochi nuovi (compresi quelli inclusivi), panchine, vialetti [&hellip;]<\/p>\n","protected":false},"author":123457,"featured_media":205249,"comment_status":"open","ping_status":"open","sticky":false,"template":"","format":"standard","meta":{"ub_ctt_via":"","_mi_skip_tracking":false},"categories":[6],"tags":[10258,2972,10255,128,10256],"featured_image_src":"https:\/\/www.messinaoggi.it\/website\/wp-content\/uploads\/2024\/07\/IMG-20240717-WA0017.jpg","author_info":{"display_name":"Michele Bruno","author_link":"https:\/\/www.messinaoggi.it\/website\/author\/michele-bruno\/"},"digistream_id":0,"digistream":false,"_links":{"self":[{"href":"https:\/\/www.messinaoggi.it\/website\/wp-json\/wp\/v2\/posts\/205230"}],"collection":[{"href":"https:\/\/www.messinaoggi.it\/website\/wp-json\/wp\/v2\/posts"}],"about":[{"href":"https:\/\/www.messinaoggi.it\/website\/wp-json\/wp\/v2\/types\/post"}],"author":[{"embeddable":true,"href":"https:\/\/www.messinaoggi.it\/website\/wp-json\/wp\/v2\/users\/123457"}],"replies":[{"embeddable":true,"href":"https:\/\/www.messinaoggi.it\/website\/wp-json\/wp\/v2\/comments?post=205230"}],"version-history":[{"count":19,"href":"https:\/\/www.messinaoggi.it\/website\/wp-json\/wp\/v2\/posts\/205230\/revisions"}],"predecessor-version":[{"id":205251,"href":"https:\/\/www.messinaoggi.it\/website\/wp-json\/wp\/v2\/posts\/205230\/revisions\/205251"}],"wp:featuredmedia":[{"embeddable":true,"href":"https:\/\/www.messinaoggi.it\/website\/wp-json\/wp\/v2\/media\/205249"}],"wp:attachment":[{"href":"https:\/\/www.messinaoggi.it\/website\/wp-json\/wp\/v2\/media?parent=205230"}],"wp:term":[{"taxonomy":"category","embeddable":true,"href":"https:\/\/www.messinaoggi.it\/website\/wp-json\/wp\/v2\/categories?post=205230"},{"taxonomy":"post_tag","embeddable":true,"href":"https:\/\/www.messinaoggi.it\/website\/wp-json\/wp\/v2\/tags?post=205230"}],"curies":[{"name":"wp","href":"https:\/\/api.w.org\/{rel}","templated":true}]}}