{"id":205179,"date":"2024-07-17T10:44:28","date_gmt":"2024-07-17T08:44:28","guid":{"rendered":"http:\/\/www.messinaoggi.it\/website\/?p=205179"},"modified":"2024-07-17T10:45:05","modified_gmt":"2024-07-17T08:45:05","slug":"emergenza-idrica-gli-esiti-dellincontro-tra-sindaco-e-prefetta","status":"publish","type":"post","link":"https:\/\/www.messinaoggi.it\/website\/2024\/07\/17\/emergenza-idrica-gli-esiti-dellincontro-tra-sindaco-e-prefetta\/","title":{"rendered":"Emergenza idrica, gli esiti dell&#8217;incontro tra sindaco e prefetta"},"content":{"rendered":"\n<p>Nella mattinata di ieri \u201csi \u00e8 svolto un ulteriore incontro con Sua Eccellenza il Prefetto di Messina per discutere dell&#8217;emergenza idrica che sta colpendo la nostra Regione, con conseguenze anche nella citt\u00e0 di Messina\u201d, ha riferito il sindaco di Messina <strong>Federico Basile<\/strong>.<div id=\"div-gpt-ad-Messinaoggi.it-DSK-300x250-corpoart\" style=\"text-align:center;margin:0 auto;\"><\/div><\/p>\n\n\n\n<p>\u201cGi\u00e0 dallo scorso mese di febbraio, ben prima della dichiarazione dello stato di emergenza regionale, abbiamo avviato un dialogo con la prefetta Cosima Di Stani per identificare soluzioni efficaci al fine di mitigare i disagi derivanti dalla carenza idrica. L&#8217;incontro che oggi ho richiesto di concerto con la cabina di regia per l\u2019emergenza idrica \u2013 evidenzia Basile &#8211; ci ha consentito di aprire il confronto su un tema che potrebbe rappresentare una ulteriore azione\u201d. <div id=\"videoincontent\" style=\"clear:both\";><\/div><\/p>\n\n\n\n<p>Al tavolo erano presenti rappresentanti di AMAM SpA, di Siciliacque e dei dipartimenti regionali.<\/p>\n\n\n\n<p>\u201cNello specifico oggi abbiamo posto il tema legato alla possibile turnazione delle risorse idriche tra usi idropotabili e irrigui, in modo da garantire una ragionevole distribuzione dell&#8217;acqua disponibile. Un tema che non riguarda solo la citt\u00e0 di Messina, ma che potrebbe rappresentare un aiuto per molti comuni anche a livello regionale. Sua Eccellenza il Prefetto si \u00e8 riservata di fissare un ulteriore incontro per ascoltare anche i consorzi irrigui della Valle dell&#8217;Alcantara, al fine di avere una visione pi\u00f9 completa delle esigenze e delle possibili soluzioni da adottare. Nel frattempo \u00e8 gi\u00e0 stato predisposto un sopralluogo per verificare anche la fattibilit\u00e0 tecnica presso le fonti di captazione. Siciliacque ha evidenziato anche oggi al tavolo con il Prefetto l&#8217;impossibilit\u00e0 di fornire ulteriori risorse idriche a causa della persistente scarsit\u00e0 di acqua disponibile. Ringraziamo il Prefetto ancora una volta per la disponibilit\u00e0 e l&#8217;attenzione mostrata. Stiamo percorrendo tutte le strade possibili per trovare soluzioni tese a mitigare i disagi di quella parte di cittadinanza che soffre per la carenza idrica\u201d, ha concluso il sindaco Basile.<\/p>\n","protected":false},"excerpt":{"rendered":"<p>Nella mattinata di ieri \u201csi \u00e8 svolto un ulteriore incontro con Sua Eccellenza il Prefetto di Messina per discutere dell&#8217;emergenza idrica che sta colpendo la nostra Regione, con conseguenze anche nella citt\u00e0 di Messina\u201d, ha riferito il sindaco di Messina Federico Basile. \u201cGi\u00e0 dallo scorso mese di febbraio, ben prima della dichiarazione dello stato di [&hellip;]<\/p>\n","protected":false},"author":15,"featured_media":152421,"comment_status":"open","ping_status":"open","sticky":false,"template":"","format":"standard","meta":{"ub_ctt_via":"","_mi_skip_tracking":false},"categories":[6],"tags":[1080,8563,8562,2972,5555,9680,4747,9355],"featured_image_src":"https:\/\/www.messinaoggi.it\/website\/wp-content\/uploads\/2023\/04\/acqua-rubinetto-3-2-420x252-1.jpg","author_info":{"display_name":"red.me","author_link":"https:\/\/www.messinaoggi.it\/website\/author\/red-me\/"},"digistream_id":0,"digistream":false,"_links":{"self":[{"href":"https:\/\/www.messinaoggi.it\/website\/wp-json\/wp\/v2\/posts\/205179"}],"collection":[{"href":"https:\/\/www.messinaoggi.it\/website\/wp-json\/wp\/v2\/posts"}],"about":[{"href":"https:\/\/www.messinaoggi.it\/website\/wp-json\/wp\/v2\/types\/post"}],"author":[{"embeddable":true,"href":"https:\/\/www.messinaoggi.it\/website\/wp-json\/wp\/v2\/users\/15"}],"replies":[{"embeddable":true,"href":"https:\/\/www.messinaoggi.it\/website\/wp-json\/wp\/v2\/comments?post=205179"}],"version-history":[{"count":3,"href":"https:\/\/www.messinaoggi.it\/website\/wp-json\/wp\/v2\/posts\/205179\/revisions"}],"predecessor-version":[{"id":205182,"href":"https:\/\/www.messinaoggi.it\/website\/wp-json\/wp\/v2\/posts\/205179\/revisions\/205182"}],"wp:featuredmedia":[{"embeddable":true,"href":"https:\/\/www.messinaoggi.it\/website\/wp-json\/wp\/v2\/media\/152421"}],"wp:attachment":[{"href":"https:\/\/www.messinaoggi.it\/website\/wp-json\/wp\/v2\/media?parent=205179"}],"wp:term":[{"taxonomy":"category","embeddable":true,"href":"https:\/\/www.messinaoggi.it\/website\/wp-json\/wp\/v2\/categories?post=205179"},{"taxonomy":"post_tag","embeddable":true,"href":"https:\/\/www.messinaoggi.it\/website\/wp-json\/wp\/v2\/tags?post=205179"}],"curies":[{"name":"wp","href":"https:\/\/api.w.org\/{rel}","templated":true}]}}