{"id":20515,"date":"2018-06-12T00:13:05","date_gmt":"2018-06-11T22:13:05","guid":{"rendered":"http:\/\/www.messinaoggi.it\/website\/?p=20515"},"modified":"2018-06-12T00:13:05","modified_gmt":"2018-06-11T22:13:05","slug":"verso-il-ballottaggio-de-luca-nessun-passo-indietro-sfido-bramanti-e-musumeci-ad-un-confronto-in-piazza","status":"publish","type":"post","link":"https:\/\/www.messinaoggi.it\/website\/2018\/06\/12\/verso-il-ballottaggio-de-luca-nessun-passo-indietro-sfido-bramanti-e-musumeci-ad-un-confronto-in-piazza\/","title":{"rendered":"Verso il ballottaggio, De Luca: &quot;Nessun passo indietro, sfido Bramanti e Musumeci ad un confronto in piazza&quot;"},"content":{"rendered":"<p style=\"text-align: justify\">Nessun passo indietro, nessun ripensamento. Cateno De Luca non si ritira dalla corsa verso Palazzo Zanca, anzi ha gi\u00e0 la barra bella dritta verso il ballottaggio che si terr\u00e0 domenica 24 giugno. Il leader di Sicilia Vera fa la voce grossa al cospetto di una piazza Duomo davvero gremita e ne ha davvero per tutti. C\u2019era grande attesa per il comizio di questa sera, soprattutto dopo che nell\u2019arco della giornata erano uscite alcune notizie circa un possibile abbandono della competizione elettorale di De Luca, che per\u00f2 risponde a muso duro attaccando una prestigiosa emittente locale: \u201cIo non ho detto che mi ritiravo, cos\u00ec come nessuno del mio staff, queste sono delle intimidazioni ed io intimidazioni non ne accetto. Se qualche giornalista ha voglia di fare politica la faccia direttamente e non usando il proprio lavoro, noi daremo la svolta a questa citt\u00e0 e faremo piangere anche molti di loro. Io non piaccio perch\u00e9 dicono che sono volgare, sguaiato, offensivo, la realt\u00e0 che io non piaccio perch\u00e9 dico verit\u00e0 scomode\u201d.<div id=\"div-gpt-ad-Messinaoggi.it-DSK-300x250-corpoart\" style=\"text-align:center;margin:0 auto;\"><\/div><\/p>\n<p style=\"text-align: justify\">Davanti ad una folla in delirio, De Luca lancia un vero e proprio guanto di sfida a Dino Bramanti: \u201cQuesta mattina l\u2019ho visto particolarmente aggressivo, forse era sotto l\u2019effetto dio viagra. Il fatto che abbia preso quasi dieci punti in meno della coalizione che lo ha sostenuto vuol dire che neanche i suoi stessi consiglieri lo hanno supportato. Ha detto di aver fatto solo 40 giorni di campagna elettorale e non ha potuto far conoscere il suo programma, io la mia campagna elettorale l\u2019ho iniziata quando ho ritenuto pi\u00f9 opportuno, non ho dovuto chiedere il permesso a Genovese. Lo sfido apertamente ad un confronto in piazza, domani sera alle 21,30 a piazza Cairoli o dopodomani a piazza del Popolo, l\u00ec capiranno come raccoglier\u00f2 i consiglieri. Volevo ringraziare i candidati delle sei liste che mi hanno sostenuto, loro prima cercavano il consenso per me e poi per loro stessi, loro sono stati i primi a credere nella svolta\u201d.<div id=\"videoincontent\" style=\"clear:both\";><\/div><\/p>\n<p style=\"text-align: justify\">Nel mirino di De Luca ci finisce anche il Governatore Musumeci: \u201cDovrebbe pensare ad amministrare la Regione invece di far campagna elettorale, ha fatto un comizio in piazza in favore di Bramanti, ma in pratica ha preso la scena parlando 44 minuti su 50. Ha messo la faccia a sostegno di un candidato telecomandato, ma sono pronto a\u00a0 sfidare pure lui in piazza insieme all\u2019assessore Razza, con cui magari potremmo discutere della situazione della Sanit\u00e0 siciliana\u201d.<\/p>\n<p style=\"text-align: justify\">Intanto \u00e8 ufficialmente aperta la caccia agli alleati in attesa del ballottaggio, il primo invito \u00e8 lanciato al Movimento 5 Stelle: \u201cHo sempre attaccato il loro candidato sindaco, non i militanti o il movimento. Io rappresento la vera svolta contro casta\u201d. Qualche momento di tensione, invece, quando un gruppo ultras del Messina ha intonato cos\u00ec come \u201ctorna al paese\u201d oppure \u201cnoi Cateno non lo vogliamo\u201d. De Luca li ha invitati ad accomodarsi vicino il palco, ma nn c\u2019\u00e8 stato alcun confronto. Siamo appena all\u2019inizio, \u00a0ma una cosa \u00e8 certa, ci aspettano giorni infuocati e non sotto il profilo climatico.<\/p>\n","protected":false},"excerpt":{"rendered":"<p>Nessun passo indietro, nessun ripensamento. Cateno De Luca non si ritira dalla corsa verso Palazzo Zanca, anzi ha gi\u00e0 la barra bella dritta verso il ballottaggio che si terr\u00e0 domenica 24 giugno. Il leader di Sicilia Vera fa la voce grossa al cospetto di una piazza Duomo davvero gremita e ne ha davvero per tutti. [&hellip;]<\/p>\n","protected":false},"author":14,"featured_media":20516,"comment_status":"closed","ping_status":"open","sticky":false,"template":"","format":"standard","meta":{"ub_ctt_via":"","_mi_skip_tracking":false},"categories":[6],"tags":[],"featured_image_src":"https:\/\/www.messinaoggi.it\/website\/wp-content\/uploads\/2018\/06\/de-luca-1-1.jpg","author_info":{"display_name":"Antonio Macauda","author_link":"https:\/\/www.messinaoggi.it\/website\/author\/a-macauda\/"},"digistream_id":0,"digistream":false,"_links":{"self":[{"href":"https:\/\/www.messinaoggi.it\/website\/wp-json\/wp\/v2\/posts\/20515"}],"collection":[{"href":"https:\/\/www.messinaoggi.it\/website\/wp-json\/wp\/v2\/posts"}],"about":[{"href":"https:\/\/www.messinaoggi.it\/website\/wp-json\/wp\/v2\/types\/post"}],"author":[{"embeddable":true,"href":"https:\/\/www.messinaoggi.it\/website\/wp-json\/wp\/v2\/users\/14"}],"replies":[{"embeddable":true,"href":"https:\/\/www.messinaoggi.it\/website\/wp-json\/wp\/v2\/comments?post=20515"}],"version-history":[{"count":0,"href":"https:\/\/www.messinaoggi.it\/website\/wp-json\/wp\/v2\/posts\/20515\/revisions"}],"wp:featuredmedia":[{"embeddable":true,"href":"https:\/\/www.messinaoggi.it\/website\/wp-json\/wp\/v2\/media\/20516"}],"wp:attachment":[{"href":"https:\/\/www.messinaoggi.it\/website\/wp-json\/wp\/v2\/media?parent=20515"}],"wp:term":[{"taxonomy":"category","embeddable":true,"href":"https:\/\/www.messinaoggi.it\/website\/wp-json\/wp\/v2\/categories?post=20515"},{"taxonomy":"post_tag","embeddable":true,"href":"https:\/\/www.messinaoggi.it\/website\/wp-json\/wp\/v2\/tags?post=20515"}],"curies":[{"name":"wp","href":"https:\/\/api.w.org\/{rel}","templated":true}]}}