{"id":205057,"date":"2024-07-16T10:31:20","date_gmt":"2024-07-16T08:31:20","guid":{"rendered":"http:\/\/www.messinaoggi.it\/website\/?p=205057"},"modified":"2024-07-16T10:31:25","modified_gmt":"2024-07-16T08:31:25","slug":"autonomia-differenziata-nasce-il-comitato-referendario-provinciale","status":"publish","type":"post","link":"https:\/\/www.messinaoggi.it\/website\/2024\/07\/16\/autonomia-differenziata-nasce-il-comitato-referendario-provinciale\/","title":{"rendered":"Autonomia differenziata, nasce il comitato referendario provinciale"},"content":{"rendered":"\n<p>Si \u00e8 costituito anche a Messina il comitato promotore sul referendum per l\u2019abrogazione della legge sull\u2019Autonomia differenziata. Nel corso dell\u2019incontro fondativo, a cui hanno preso parte i rappresentanti provinciali di Cgil, Uil, delle associazioni Anpi, WWF, Libera, Legambiente, Arci, Udu, Legacoop, Uisp, Comunit\u00e0 di Sant\u2019Egidio, Fondazione di Comunit\u00e0 e dei partiti PD, M5S, Sinistra Italiana, Verdi, Iv, Pi\u00f9 Europa, Psi, Prc, Pace Terra Dignit\u00e0 e GD,  \u00e8 stato definito il percorso che vedr\u00e0 sindacati e associazioni impegnati nella raccolta delle firme per il referendum. <div id=\"div-gpt-ad-Messinaoggi.it-DSK-300x250-corpoart\" style=\"text-align:center;margin:0 auto;\"><\/div><\/p>\n\n\n\n<p>Il comitato provinciale si dice &#8220;assolutamente aperto alle nuove adesioni di altri soggetti e realt\u00e0 associative, politiche e culturali, del territorio, nonch\u00e9 di singole personalit\u00e0&#8221;.<div id=\"videoincontent\" style=\"clear:both\";><\/div><\/p>\n\n\n\n<p>Sulla campagna referendaria e sulle ragioni dell\u2019abrogazione della legge venerd\u00ec 19 luglio alle ore 10,30 nella sede della Uil di Messina, si terr\u00e0 una conferenza stampa.<\/p>\n\n\n\n<p>Cgil e Uil Messina, con i segretari generali <strong>Pietro Patti <\/strong>e <strong>Ivan Tripodi<\/strong>, annunciano come le prossime saranno &#8220;settimane di forte mobilitazione e di molteplici iniziative, nelle piazze, nei luoghi di lavoro e anche davanti agli ospedali visto che la sanit\u00e0 pubblica, come pi\u00f9 volte denunciato dalle due organizzazioni sindacali, sar\u00e0 tra i settori pi\u00f9 colpiti e falcidiati dall\u2019autonomia differenziata&#8221;. <\/p>\n\n\n\n<p>\u201cUna sanit\u00e0 pubblica che nel nostro territorio mostra gi\u00e0 gravi e pesanti criticit\u00e0 \u2013 dichiarano Patti e Tripodi \u2013 e proprio per questo la campagna a sostegno del referendum \u00e8 finalizzata a difendere diritti essenziali e a bloccare l\u2019arretramento o la cancellazione di servizi pubblici fondamentali che il nostro territorio, come l\u2019intera Sicilia, non pu\u00f2 permettersi\u201d.<\/p>\n\n\n\n<p>Cgil e Uil gi\u00e0 da tempo, da quando il provvedimento del Governo Meloni era ancora in itinere, hanno manifestato forte dissenso e preoccupazione avviando una grande mobilitazione nazionale. <\/p>\n\n\n\n<p>\u201cQuella che parte adesso con la campagna referendaria \u2013 osservano Patti e Tripodi \u2013 deve rappresentare una battaglia di tutti e tutte per cancellare una legge sbagliata ed iniqua che aumenta le diseguaglianze sociali e che affossa le regioni pi\u00f9 deboli\u201d.<\/p>\n\n\n\n<p>Le ricadute della legge sulle condizioni di vita dei cittadini e delle cittadine e l\u2019importanza del referendum per abrogarla saranno approfondite nel corso della conferenza stampa prevista venerd\u00ec 19 luglio alle ore 10.30 presso la sede della Uil di Viale S. Martino nel corso della quale saranno annunciati gli appuntamenti delle prime giornate di raccolta delle firme del 20 e 21 luglio.<\/p>\n","protected":false},"excerpt":{"rendered":"<p>Si \u00e8 costituito anche a Messina il comitato promotore sul referendum per l\u2019abrogazione della legge sull\u2019Autonomia differenziata. Nel corso dell\u2019incontro fondativo, a cui hanno preso parte i rappresentanti provinciali di Cgil, Uil, delle associazioni Anpi, WWF, Libera, Legambiente, Arci, Udu, Legacoop, Uisp, Comunit\u00e0 di Sant\u2019Egidio, Fondazione di Comunit\u00e0 e dei partiti PD, M5S, Sinistra Italiana, [&hellip;]<\/p>\n","protected":false},"author":15,"featured_media":205061,"comment_status":"open","ping_status":"open","sticky":false,"template":"","format":"standard","meta":{"ub_ctt_via":"","_mi_skip_tracking":false},"categories":[4,6],"tags":[10250,5440,2002,10249,2491,1338],"featured_image_src":"https:\/\/www.messinaoggi.it\/website\/wp-content\/uploads\/2024\/07\/IMG-20240716-WA0004.jpg","author_info":{"display_name":"red.me","author_link":"https:\/\/www.messinaoggi.it\/website\/author\/red-me\/"},"digistream_id":0,"digistream":false,"_links":{"self":[{"href":"https:\/\/www.messinaoggi.it\/website\/wp-json\/wp\/v2\/posts\/205057"}],"collection":[{"href":"https:\/\/www.messinaoggi.it\/website\/wp-json\/wp\/v2\/posts"}],"about":[{"href":"https:\/\/www.messinaoggi.it\/website\/wp-json\/wp\/v2\/types\/post"}],"author":[{"embeddable":true,"href":"https:\/\/www.messinaoggi.it\/website\/wp-json\/wp\/v2\/users\/15"}],"replies":[{"embeddable":true,"href":"https:\/\/www.messinaoggi.it\/website\/wp-json\/wp\/v2\/comments?post=205057"}],"version-history":[{"count":3,"href":"https:\/\/www.messinaoggi.it\/website\/wp-json\/wp\/v2\/posts\/205057\/revisions"}],"predecessor-version":[{"id":205060,"href":"https:\/\/www.messinaoggi.it\/website\/wp-json\/wp\/v2\/posts\/205057\/revisions\/205060"}],"wp:featuredmedia":[{"embeddable":true,"href":"https:\/\/www.messinaoggi.it\/website\/wp-json\/wp\/v2\/media\/205061"}],"wp:attachment":[{"href":"https:\/\/www.messinaoggi.it\/website\/wp-json\/wp\/v2\/media?parent=205057"}],"wp:term":[{"taxonomy":"category","embeddable":true,"href":"https:\/\/www.messinaoggi.it\/website\/wp-json\/wp\/v2\/categories?post=205057"},{"taxonomy":"post_tag","embeddable":true,"href":"https:\/\/www.messinaoggi.it\/website\/wp-json\/wp\/v2\/tags?post=205057"}],"curies":[{"name":"wp","href":"https:\/\/api.w.org\/{rel}","templated":true}]}}