{"id":20453,"date":"2018-06-09T12:17:20","date_gmt":"2018-06-09T10:17:20","guid":{"rendered":"http:\/\/www.messinaoggi.it\/website\/?p=20453"},"modified":"2018-06-09T12:17:20","modified_gmt":"2018-06-09T10:17:20","slug":"villa-dante-bando-per-la-gestione-del-centro-ricreativo-per-anziani","status":"publish","type":"post","link":"https:\/\/www.messinaoggi.it\/website\/2018\/06\/09\/villa-dante-bando-per-la-gestione-del-centro-ricreativo-per-anziani\/","title":{"rendered":"Villa Dante: bando per la gestione del Centro ricreativo per anziani"},"content":{"rendered":"<p>E\u2019 stato pubblicato sul sito istituzionale l&#8217;avviso relativo alla gestione a titolo gratuito dell\u2019immobile destinato a Centro ricreativo per gli anziani all\u2019interno di Villa Dante. Possono partecipare al bando gli enti del Terzo Settore, il cui statuto \u00e8 coerente con le finalit\u00e0 dell\u2019avviso, per attivit\u00e0 che avranno durata di tre anni non rinnovabili, a far data dalla sottoscrizione della convenzione con il dipartimento Politiche Sociali.<br \/>\nIl progetto, che le associazioni dovranno formulare, interessa le attivit\u00e0 ricreative e di socializzazione rivolte agli anziani, come pure le modalit\u00e0 organizzative della gestione. Il Centro accoglier\u00e0 anche iniziative realizzate in sinergia tra associazioni e realt\u00e0 sociali diverse.<br \/>\nLa predisposizione dell\u2019avviso si \u00e8 resa possibile, non appena l\u2019immobile \u00e8 stato consegnato al Dipartimento Politiche sociali, da parte di quello Manutenzioni, a completamento degli interventi strutturali di messa a norma dello stabile.<div id=\"div-gpt-ad-Messinaoggi.it-DSK-300x250-corpoart\" style=\"text-align:center;margin:0 auto;\"><\/div><\/p>\n<div id=\"videoincontent\" style=\"clear:both\";><\/div>","protected":false},"excerpt":{"rendered":"<p>E\u2019 stato pubblicato sul sito istituzionale l&#8217;avviso relativo alla gestione a titolo gratuito dell\u2019immobile destinato a Centro ricreativo per gli anziani all\u2019interno di Villa Dante. Possono partecipare al bando gli enti del Terzo Settore, il cui statuto \u00e8 coerente con le finalit\u00e0 dell\u2019avviso, per attivit\u00e0 che avranno durata di tre anni non rinnovabili, a far [&hellip;]<\/p>\n","protected":false},"author":4,"featured_media":14186,"comment_status":"closed","ping_status":"open","sticky":false,"template":"","format":"standard","meta":{"ub_ctt_via":"","_mi_skip_tracking":false},"categories":[5],"tags":[],"featured_image_src":"https:\/\/www.messinaoggi.it\/website\/wp-content\/uploads\/2018\/01\/Villa-Dante-ingresso-lato-Provinciale-messinaoggiMarcyR-1.jpg","author_info":{"display_name":"redme","author_link":"https:\/\/www.messinaoggi.it\/website\/author\/redme\/"},"digistream_id":0,"digistream":false,"_links":{"self":[{"href":"https:\/\/www.messinaoggi.it\/website\/wp-json\/wp\/v2\/posts\/20453"}],"collection":[{"href":"https:\/\/www.messinaoggi.it\/website\/wp-json\/wp\/v2\/posts"}],"about":[{"href":"https:\/\/www.messinaoggi.it\/website\/wp-json\/wp\/v2\/types\/post"}],"author":[{"embeddable":true,"href":"https:\/\/www.messinaoggi.it\/website\/wp-json\/wp\/v2\/users\/4"}],"replies":[{"embeddable":true,"href":"https:\/\/www.messinaoggi.it\/website\/wp-json\/wp\/v2\/comments?post=20453"}],"version-history":[{"count":0,"href":"https:\/\/www.messinaoggi.it\/website\/wp-json\/wp\/v2\/posts\/20453\/revisions"}],"wp:featuredmedia":[{"embeddable":true,"href":"https:\/\/www.messinaoggi.it\/website\/wp-json\/wp\/v2\/media\/14186"}],"wp:attachment":[{"href":"https:\/\/www.messinaoggi.it\/website\/wp-json\/wp\/v2\/media?parent=20453"}],"wp:term":[{"taxonomy":"category","embeddable":true,"href":"https:\/\/www.messinaoggi.it\/website\/wp-json\/wp\/v2\/categories?post=20453"},{"taxonomy":"post_tag","embeddable":true,"href":"https:\/\/www.messinaoggi.it\/website\/wp-json\/wp\/v2\/tags?post=20453"}],"curies":[{"name":"wp","href":"https:\/\/api.w.org\/{rel}","templated":true}]}}