{"id":204166,"date":"2024-07-08T18:47:26","date_gmt":"2024-07-08T16:47:26","guid":{"rendered":"http:\/\/www.messinaoggi.it\/website\/?p=204166"},"modified":"2024-07-09T10:19:53","modified_gmt":"2024-07-09T08:19:53","slug":"messina-commissariata-sui-conti-musolino-attacca-basile","status":"publish","type":"post","link":"https:\/\/www.messinaoggi.it\/website\/2024\/07\/08\/messina-commissariata-sui-conti-musolino-attacca-basile\/","title":{"rendered":"Messina commissariata sui conti, Musolino attacca Basile"},"content":{"rendered":"\n<p>Dafne Musolino attacca duramente l&#8217;amministrazione di Federico Basile. La senatrice di Italia Viva punta il dito contro il primo cittadino dopo che \u00e8 stato nominato il commissario ad acta da parte dell&#8217;assessore regionale alle autonomie locali Andrea Messina perch\u00e9 non \u00e8 stato approvato nei termini di legge il bilancio consuntivo 2023 del Comune di Messina. <div id=\"div-gpt-ad-Messinaoggi.it-DSK-300x250-corpoart\" style=\"text-align:center;margin:0 auto;\"><\/div><\/p>\n\n\n\n<p>&#8220;Il guardiano dei conti \u00e8 stato bocciato alla verifica &#8211; dice Musolino in un video sui social -. Colui che \u00e8 stato scelto da De Luca per la sua bravura con i conti non \u00e8 andato a meta. Non ha presentato in aula il bilancio, ancora al vaglio delle commissioni&#8221;. <div id=\"videoincontent\" style=\"clear:both\";><\/div><\/p>\n\n\n\n<p>&#8220;Il Commissario si sostituir\u00e0 agli uffici competenti per portare fino all&#8217;aula il bilancio. E se non dovesse essere votato, l&#8217;amministrazione torner\u00e0 a casa&#8221; spiega Musolino.<\/p>\n\n\n\n<p>E non risparmia critiche anche alle opposizioni:&#8221;I consiglieri comunali alla fine lo voteranno perch\u00e9 questo fine di legislatura anticipata sarebbe difficile da gestire, viste anche le attivit\u00e0 svolte in aula, ma soprattutto quelle non svolte, perch\u00e9 ci sono tanti temi su cui l&#8217;opposizione in aula potrebbe impegnarsi&#8221;.<\/p>\n\n\n\n<p>Conclude con una frase a effetto: <\/p>\n\n\n\n<p>&#8220;Democracy dies in darkness, la democrazia muore nell&#8217;oscurit\u00e0, quando non c&#8217;\u00e8 trasparenza la democrazia muore&#8221;, citando tra le questioni cruciali per la citt\u00e0 quella della crisi idrica. <\/p>\n\n\n\n<p>Risponde con un video anche il sindaco: <\/p>\n\n\n\n<p>&#8220;Ogni anno sempre la stessa storia, l&#8217;assessorato agli enti locali invia ad oltre il 50% dei comuni siciliani i propri commissari per i mancati adempimenti dei bilanci nei termini di legge, ovviamente c&#8217;\u00e8 anche Messina. Questo non vuol dire che Messina non ha i conti in ordine&#8221;. <\/p>\n\n\n\n<p>&#8220;La senatrice Musolino &#8211; ironizza Basile &#8211; in questi anni di frequentazione dei salotti romani ha dimenticato come si amministra un Comune. \u00c8 un atto amministrativo dovuto che non ha nulla a che vedere con il risanamento dei conti partito nel 2018 con il Salva Messina e che sta continuando&#8221;.<\/p>\n\n\n\n<p>&#8220;Nel 2023 la Corte dei Conti ha sancito che i conti di Messina sono in regola. Stiamo pagando oltre trent&#8217;anni di debiti che sono nei documenti che stiamo predisponendo&#8221; ha affermato. <\/p>\n\n\n\n<p>&#8220;La materia contabile non \u00e8 semplice da discutere e non \u00e8 materia da post su Facebook. Avevo dato tre date alla senatrice per un confronto, maggio sui fondi comunitari, capisco che sia molto impegnata, lei mi ha dato una data diversa da quelle che avevo dato, ma io faccio il sindaco, sono a disposizione del territorio e non amo i salotti romani&#8221; attacca ancora con sarcasmo, rinnovando l&#8217;invito al confronto per &#8220;chiarire cosa non aveva necessit\u00e0 di essere chiarito ed evitare teatrini&#8221;.<\/p>\n\n\n\n<p><strong>Michele Bruno. <\/strong><\/p>\n","protected":false},"excerpt":{"rendered":"<p>Dafne Musolino attacca duramente l&#8217;amministrazione di Federico Basile. La senatrice di Italia Viva punta il dito contro il primo cittadino dopo che \u00e8 stato nominato il commissario ad acta da parte dell&#8217;assessore regionale alle autonomie locali Andrea Messina perch\u00e9 non \u00e8 stato approvato nei termini di legge il bilancio consuntivo 2023 del Comune di Messina. [&hellip;]<\/p>\n","protected":false},"author":123457,"featured_media":204170,"comment_status":"open","ping_status":"open","sticky":false,"template":"","format":"standard","meta":{"ub_ctt_via":"","_mi_skip_tracking":false},"categories":[6],"tags":[3309,5572,10181,167,2972],"featured_image_src":"https:\/\/www.messinaoggi.it\/website\/wp-content\/uploads\/2024\/07\/Screenshot_20240708_184135_Chrome.jpg","author_info":{"display_name":"Michele Bruno","author_link":"https:\/\/www.messinaoggi.it\/website\/author\/michele-bruno\/"},"digistream_id":0,"digistream":false,"_links":{"self":[{"href":"https:\/\/www.messinaoggi.it\/website\/wp-json\/wp\/v2\/posts\/204166"}],"collection":[{"href":"https:\/\/www.messinaoggi.it\/website\/wp-json\/wp\/v2\/posts"}],"about":[{"href":"https:\/\/www.messinaoggi.it\/website\/wp-json\/wp\/v2\/types\/post"}],"author":[{"embeddable":true,"href":"https:\/\/www.messinaoggi.it\/website\/wp-json\/wp\/v2\/users\/123457"}],"replies":[{"embeddable":true,"href":"https:\/\/www.messinaoggi.it\/website\/wp-json\/wp\/v2\/comments?post=204166"}],"version-history":[{"count":4,"href":"https:\/\/www.messinaoggi.it\/website\/wp-json\/wp\/v2\/posts\/204166\/revisions"}],"predecessor-version":[{"id":204171,"href":"https:\/\/www.messinaoggi.it\/website\/wp-json\/wp\/v2\/posts\/204166\/revisions\/204171"}],"wp:featuredmedia":[{"embeddable":true,"href":"https:\/\/www.messinaoggi.it\/website\/wp-json\/wp\/v2\/media\/204170"}],"wp:attachment":[{"href":"https:\/\/www.messinaoggi.it\/website\/wp-json\/wp\/v2\/media?parent=204166"}],"wp:term":[{"taxonomy":"category","embeddable":true,"href":"https:\/\/www.messinaoggi.it\/website\/wp-json\/wp\/v2\/categories?post=204166"},{"taxonomy":"post_tag","embeddable":true,"href":"https:\/\/www.messinaoggi.it\/website\/wp-json\/wp\/v2\/tags?post=204166"}],"curies":[{"name":"wp","href":"https:\/\/api.w.org\/{rel}","templated":true}]}}