{"id":20408,"date":"2018-06-08T15:55:19","date_gmt":"2018-06-08T13:55:19","guid":{"rendered":"http:\/\/www.messinaoggi.it\/website\/?p=20408"},"modified":"2018-06-08T15:55:19","modified_gmt":"2018-06-08T13:55:19","slug":"eleme-concluso-il-confronto-tra-il-tavolo-per-lautismo-e-i-candidati-sindaco","status":"publish","type":"post","link":"https:\/\/www.messinaoggi.it\/website\/2018\/06\/08\/eleme-concluso-il-confronto-tra-il-tavolo-per-lautismo-e-i-candidati-sindaco\/","title":{"rendered":"EleMe, concluso il confronto tra il Tavolo per l&#039;Autismo e i candidati sindaco"},"content":{"rendered":"<p style=\"text-align: justify\">Si sono conclusi nei giorni scorsi la serie di confronti con tutti i candidati a Sindaco della citt\u00e0 di Messina, promossi dalle Associazioni Familiari che operano all\u2019interno del Tavolo Tecnico Autismo. I candidati hanno avuto modo di esporre le iniziative e i proponimenti a loro pi\u00f9 cari, che dovrebbero caratterizzare il ruolo del futuro Sindaco. Mentre i rappresentanti delle Associazioni hanno evidenziato come il dibattito che si \u00e8 andato sviluppando in questo ultimo scorcio di campagna elettorale appaia sempre pi\u00f9 convulso e a volte poco chiaro. Pertanto \u00e8 difficile in queste condizioni per i cittadini pervenire ad una sintesi lineare e condivisa.<div id=\"div-gpt-ad-Messinaoggi.it-DSK-300x250-corpoart\" style=\"text-align:center;margin:0 auto;\"><\/div><\/p>\n<p style=\"text-align: justify\">E\u2019 stato da tutti confermato l\u2019impegno a fare di pi\u00f9 e meglio rispetto alla tematica dell\u2019Autismo e della Disabilit\u00e0 in genere, considerato che esse sono state sacrificate in logiche in cui sono prevalsi altri interessi e quindi lontane da soluzioni accettabili. I rappresentanti della Associazioni hanno ribadito con forza che la disabilit\u00e0 non pu\u00f2 essere oggetto delle solite promesse, poi regolarmente disattese. Non si pu\u00f2 giocare con i pi\u00f9 deboli e con la sofferenza di tante famiglie. E che sarebbero stati tutti incalzati nel prossimo futuro, siano essi maggioranza che opposizione, sulla coerenza delle rispettive prese di posizione di oggi. Difatti una verifica potr\u00e0 avvenire con un incontro con i capi gruppo che saranno designati all\u2019interno del Consiglio Comunale.<div id=\"videoincontent\" style=\"clear:both\";><\/div><\/p>\n<p style=\"text-align: justify\">Si \u00e8 ricordato che il passato Consiglio Comunale ha approvato all\u2019unanimit\u00e0 un o.d.g. che impegna lo stesso e principalmente il Sindaco a sviluppare ogni iniziativa mirante al potenziamento dei Servizi a favore dei soggetti affetti da Autismo, a cominciare dai Centri Diurni. E\u2019 stato precisato che \u00e8 indispensabile, imprescindibile che il futuro Sindaco si prodighi per coordinare ed integrare le varie iniziative che si occupano da tempo di autismo, offrendo il giusto spazio anche a quelle sorte da poco o che andranno a sorgere. E\u2019 da superare sia la conflittualit\u00e0 esistente fra chi gestisce i Servizi, che il protrarsi della \u201cguerra tra i poveri\u201d all\u2019interno delle famiglie che si sentono penalizzate, fra chi usufruisce di un servizio e fra chi ancora non ce l\u2019ha e che probabilmente stenter\u00e0 tantissimo ad ottenerlo, specie se si tratta di ragazzi adolescenti ed adulti. Questi sono i pi\u00f9 bistrattati, i dimenticati, i \u201cragazzi invisibili\u201d. Occorre un salto culturale, un sussulto di dignit\u00e0 sociale e personale, uscire dalla vecchia visione settoriale per sposare fino in fondo quella partecipata ed integrata, senza lasciare indietro nessuno.<\/p>\n","protected":false},"excerpt":{"rendered":"<p>Si sono conclusi nei giorni scorsi la serie di confronti con tutti i candidati a Sindaco della citt\u00e0 di Messina, promossi dalle Associazioni Familiari che operano all\u2019interno del Tavolo Tecnico Autismo. I candidati hanno avuto modo di esporre le iniziative e i proponimenti a loro pi\u00f9 cari, che dovrebbero caratterizzare il ruolo del futuro Sindaco. [&hellip;]<\/p>\n","protected":false},"author":14,"featured_media":10355,"comment_status":"closed","ping_status":"open","sticky":false,"template":"","format":"standard","meta":{"ub_ctt_via":"","_mi_skip_tracking":false},"categories":[4],"tags":[],"featured_image_src":"https:\/\/www.messinaoggi.it\/website\/wp-content\/uploads\/2017\/10\/palazzo-zanca-messinaRRP_1715.jpg","author_info":{"display_name":"Antonio Macauda","author_link":"https:\/\/www.messinaoggi.it\/website\/author\/a-macauda\/"},"digistream_id":0,"digistream":false,"_links":{"self":[{"href":"https:\/\/www.messinaoggi.it\/website\/wp-json\/wp\/v2\/posts\/20408"}],"collection":[{"href":"https:\/\/www.messinaoggi.it\/website\/wp-json\/wp\/v2\/posts"}],"about":[{"href":"https:\/\/www.messinaoggi.it\/website\/wp-json\/wp\/v2\/types\/post"}],"author":[{"embeddable":true,"href":"https:\/\/www.messinaoggi.it\/website\/wp-json\/wp\/v2\/users\/14"}],"replies":[{"embeddable":true,"href":"https:\/\/www.messinaoggi.it\/website\/wp-json\/wp\/v2\/comments?post=20408"}],"version-history":[{"count":0,"href":"https:\/\/www.messinaoggi.it\/website\/wp-json\/wp\/v2\/posts\/20408\/revisions"}],"wp:featuredmedia":[{"embeddable":true,"href":"https:\/\/www.messinaoggi.it\/website\/wp-json\/wp\/v2\/media\/10355"}],"wp:attachment":[{"href":"https:\/\/www.messinaoggi.it\/website\/wp-json\/wp\/v2\/media?parent=20408"}],"wp:term":[{"taxonomy":"category","embeddable":true,"href":"https:\/\/www.messinaoggi.it\/website\/wp-json\/wp\/v2\/categories?post=20408"},{"taxonomy":"post_tag","embeddable":true,"href":"https:\/\/www.messinaoggi.it\/website\/wp-json\/wp\/v2\/tags?post=20408"}],"curies":[{"name":"wp","href":"https:\/\/api.w.org\/{rel}","templated":true}]}}