{"id":20407,"date":"2018-06-08T15:41:14","date_gmt":"2018-06-08T13:41:14","guid":{"rendered":"http:\/\/www.messinaoggi.it\/website\/?p=20407"},"modified":"2018-06-08T15:41:14","modified_gmt":"2018-06-08T13:41:14","slug":"eleme-de-luca-sulla-protezione-civile-ce-carenza-dorganico","status":"publish","type":"post","link":"https:\/\/www.messinaoggi.it\/website\/2018\/06\/08\/eleme-de-luca-sulla-protezione-civile-ce-carenza-dorganico\/","title":{"rendered":"EleMe, De Luca sulla Protezione Civile: &quot;C&#039;\u00e8 carenza d&#039;organico&quot;"},"content":{"rendered":"<div class=\"window-body classic-toolbar-visible add-communication-layer\">\n<div class=\"abs window-content vsplit preview-none promovisible\">\n<div class=\"rightside mail-detail-pane selection-one preview-visible\">\n<div class=\"thread-view-control abs back-navigation-visible\">\n<div class=\"thread-view-list scrollable abs\">\n<div class=\"thread-view list-view\" role=\"region\">\n<article class=\"list-item mail-item mail-detail f6-target focusable expanded\" role=\"article\">\n<section class=\"body user-select-text focusable\">\n<div class=\"mail-detail-content noI18n colorQuoted simple-mail\">\n<div id=\"ox-6f83ce811a\">\n<div dir=\"auto\">\n<div class=\"ox-6f83ce811a-gmail_quote\" dir=\"auto\">\n<div dir=\"ltr\">\n<p class=\"ox-6f83ce811a-MsoNormal\"><i>\u201cLa struttura organica di Protezione Civile comunale, cos\u00ec come adesso composta, non \u00e8 completa ed \u00e8 chiaramente insufficiente a soddisfare tutte le necessit\u00e0 dello Staff Comunale per il regolare svolgimento di attivit\u00e0 in \u201ctempo di quiete\u201d, immaginiamo in \u201cemergenza\u201d. <\/i>A dirlo Cateno De Luca, candidato a sindaco di Messina che aggiunge: <i>\u201cCertamente non \u00e8 da annullare il lavoro svolto fino ad oggi, fatto di enormi sacrifici da parte di tutte le componenti, ma la totale assenza di attenzione da parte dell\u2019Amministrazione nei confronti del personale e delle \u201cforze del volontariato\u201d hanno comportato una lentezza nell\u2019attuazione di quanto progettato, con risultati che non hanno dato conforto e sicurezza alla cittadinanza. Situazione preoccupante della carenza di personale. Bisogna considerare che, per il pensionamento di due geometri e di personale autista destinato ai mezzi speciali, a breve scadenza il nucleo \u201cmovimento terra\u201d sar\u00e0 destinato a sparire mentre non si riuscir\u00e0 a garantire regolarmente nemmeno il turno di reperibilit\u00e0 ed i vari servizi d\u2019istituto. Altri aspetti, ancora preoccupanti, sono le risorse economiche disponibili. Attualmente infatti, per le emergenze, sono disponibili circa 250 mila euro \u00a0per residui dell\u2019esercizio precedente \u00a0e 150 mila gi\u00e0 impegnati per lavori da affidare all\u2019esterno a ditte private. Tutto ci\u00f2 mette una certa preoccupazione in quanto le somme residuali potrebbero essere impiegate puntualmente qualora l\u2019amministrazione redigesse i bilanci previsionali entro l\u2019anno corrente per il successivo. Come ben noto, i bilanci di previsione spesso sono stati approvati ad Esercizio Finanziario inoltrato e le somme disponibili sono state valutate sui \u201cdodicesimi\u201d rispetto all\u2019e.f. precedente. Appare chiaro che bisogna quindi procedere ad una riorganizzazione degli uffici in funzione delle competenze professionali disponibili, nel contempo individuare le sinergie tra i vari uffici quali autoparco dei mezzi e staff di Protezione Civile, separando in due strutture interne quella tecnica progettuale e quella operativa evitando sovraccarichi per il personale tecnico a disposizione. Da non sottovalutare la possibilit\u00e0 di unificare il parco autisti, impiegando anche quelli della Citt\u00e0 Metropolitana cos\u00ec come sperimentato durante le emergenze idriche\u201d. <\/i><div id=\"div-gpt-ad-Messinaoggi.it-DSK-300x250-corpoart\" style=\"text-align:center;margin:0 auto;\"><\/div><\/p>\n<p class=\"ox-6f83ce811a-MsoNormal\"><i>\u201cPer quanto riguarda l&#8217;apporto fondamentale delle forze del volontariato, spesso \u201cutilizzate\u201d per sopperire le carenze di organico dello Staff di Protezione Civile e della Polizia Municipale \u2013 prosegue De Luca &#8211; durante le emergenze di qualsiasi natura, non hanno a disposizione dei locali idonei ove accentrare tutte le attivit\u00e0 ed i mezzi in possesso. Tutto ci\u00f2 premesso, si vuole costituire la base per far crescere la citt\u00e0 in maniera sicura, attraverso gli strumenti tecnologici, l\u2019utilizzo dei social network, App mirate ad interagire direttamente con il cittadino. Fondamentale importanza \u00e8 il dialogo e la collaborazione fattiva con tutti gli altri enti coinvolti, come gli ordini tecnici, i dipartimenti regionali e provinciali della Protezione Civile, Prefettura, Vigili del Fuoco e Azienda Sanitaria locale al fine di costituire una rete funzionale 365 giorni all\u2019anno e non soltanto in occasione di esercitazioni od altri eventi occasionali. Il volontariato si \u00e8 reso parte fondamentale in questi anni per la realizzazione del piano di emergenza, fornendo spesso iniziative a supporto delle amministrazioni e non ricambiate con atti concreti di sostegno alle Associazioni iscritte all\u2019elenco territoriale del Volontariato. Basti pensare che la Consulta delle Associazioni di Volontariato, costituita da 14 associazioni, non possiede una sede operativa. Eppure, il volontariato della Protezione Civile \u00e8 stato indispensabile in questi anni per la piena riuscita di vari eventi che hanno comportato enorme affluenza di pubblico, assimilando gli stessi eventi per questo motivo ad attivit\u00e0 di protezione civile. Per questo, bisognerebbe istituire un \u201cUfficio Comunale di Supporto alle Associazioni di Volontariato\u201d capace di guidare le Associazioni per lo svolgimento delle varie pratiche amministrative quali visite mediche periodiche, addestramento e formazione dei volontari, preparazione alla partecipazione ai bandi attraverso il supporto nella progettazione. La situazione attuale \u00e8 molto complicata, infatti, per accedere ai rimborsi previsti dalla normativa, le associazioni devono districarsi tra i meandri burocratici necessari all\u2019assolvimento degli adempimenti amministrativi utili al perfezionamento di ogni singola pratica. Tutto ci\u00f2 \u00e8 impensabile in quanto il volontariato non pu\u00f2 essere considerato un lavoro a tempo pieno, quindi bisogna mettere in condizione chi ha voglia di destinare il proprio tempo libero a favore del prossimo e della comunit\u00e0 di farlo in maniera agevole&#8221;.<\/i><div id=\"videoincontent\" style=\"clear:both\";><\/div><\/p>\n<\/div>\n<\/div>\n<\/div>\n<\/div>\n<\/div>\n<\/section>\n<\/article>\n<\/div>\n<\/div>\n<\/div>\n<\/div>\n<\/div>\n<\/div>\n","protected":false},"excerpt":{"rendered":"<p>\u201cLa struttura organica di Protezione Civile comunale, cos\u00ec come adesso composta, non \u00e8 completa ed \u00e8 chiaramente insufficiente a soddisfare tutte le necessit\u00e0 dello Staff Comunale per il regolare svolgimento di attivit\u00e0 in \u201ctempo di quiete\u201d, immaginiamo in \u201cemergenza\u201d. A dirlo Cateno De Luca, candidato a sindaco di Messina che aggiunge: \u201cCertamente non \u00e8 da [&hellip;]<\/p>\n","protected":false},"author":14,"featured_media":16474,"comment_status":"closed","ping_status":"open","sticky":false,"template":"","format":"standard","meta":{"ub_ctt_via":"","_mi_skip_tracking":false},"categories":[6],"tags":[],"featured_image_src":"https:\/\/www.messinaoggi.it\/website\/wp-content\/uploads\/2018\/03\/conf-de-luca-RRP_5480-1.jpg","author_info":{"display_name":"Antonio Macauda","author_link":"https:\/\/www.messinaoggi.it\/website\/author\/a-macauda\/"},"digistream_id":0,"digistream":false,"_links":{"self":[{"href":"https:\/\/www.messinaoggi.it\/website\/wp-json\/wp\/v2\/posts\/20407"}],"collection":[{"href":"https:\/\/www.messinaoggi.it\/website\/wp-json\/wp\/v2\/posts"}],"about":[{"href":"https:\/\/www.messinaoggi.it\/website\/wp-json\/wp\/v2\/types\/post"}],"author":[{"embeddable":true,"href":"https:\/\/www.messinaoggi.it\/website\/wp-json\/wp\/v2\/users\/14"}],"replies":[{"embeddable":true,"href":"https:\/\/www.messinaoggi.it\/website\/wp-json\/wp\/v2\/comments?post=20407"}],"version-history":[{"count":0,"href":"https:\/\/www.messinaoggi.it\/website\/wp-json\/wp\/v2\/posts\/20407\/revisions"}],"wp:featuredmedia":[{"embeddable":true,"href":"https:\/\/www.messinaoggi.it\/website\/wp-json\/wp\/v2\/media\/16474"}],"wp:attachment":[{"href":"https:\/\/www.messinaoggi.it\/website\/wp-json\/wp\/v2\/media?parent=20407"}],"wp:term":[{"taxonomy":"category","embeddable":true,"href":"https:\/\/www.messinaoggi.it\/website\/wp-json\/wp\/v2\/categories?post=20407"},{"taxonomy":"post_tag","embeddable":true,"href":"https:\/\/www.messinaoggi.it\/website\/wp-json\/wp\/v2\/tags?post=20407"}],"curies":[{"name":"wp","href":"https:\/\/api.w.org\/{rel}","templated":true}]}}