{"id":204068,"date":"2024-07-08T08:38:02","date_gmt":"2024-07-08T06:38:02","guid":{"rendered":"http:\/\/www.messinaoggi.it\/website\/?p=204068"},"modified":"2024-07-07T23:43:05","modified_gmt":"2024-07-07T21:43:05","slug":"medico-aggredito-apprensione-dellugl-salute","status":"publish","type":"post","link":"https:\/\/www.messinaoggi.it\/website\/2024\/07\/08\/medico-aggredito-apprensione-dellugl-salute\/","title":{"rendered":"Medico aggredito, apprensione dell&#8217;UGL Salute"},"content":{"rendered":"\n<p>Dopo l&#8217;allarme lanciato dalla Uil-Fpl riguardo l&#8217;aggressione subita da un medico del Pronto soccorso del Papardo, interviene anche il sindacato UGLc con una nota a firma di Fabrizio Denaro e Antonio Sciotto, rispettivamente segretario provinciale UGL Salute e segretario provinciale UTL-UGL .<div id=\"div-gpt-ad-Messinaoggi.it-DSK-300x250-corpoart\" style=\"text-align:center;margin:0 auto;\"><\/div><\/p>\n\n\n\n<h2><strong>Preoccupazione dell&#8217;UGL<\/strong><\/h2>\n\n\n\n<p><em>\u201cApprendiamo, con crescente preoccupazione, dagli organi di stampa cittadina dell\u2019ennesimo caso di aggressione di un operatore sanitario negli ospedali cittadini. In questo caso un dirigente medico del pronto soccorso dell\u2019Ospedale Papardo che sarebbe stato aggredito da un paziente psichiatrico. Altra aggressione si \u00e8 registrata, sempre nella giornata di ieri, al policlinico di Palermo nei confronti di un operatore SEUS 118.<\/em><div id=\"videoincontent\" style=\"clear:both\";><\/div><\/p>\n\n\n\n<p><em>L\u2019UGL Salute di Messina, come ribadito, purtroppo in numerose occasioni, ritiene  necessario intervenire in maniera decisa con politiche di prevenzione e di repressione della violenza, come ad esempio l\u2019utilizzo di tecnologie innovative, l\u2019uso di sistemi anti aggressione collegati con le forze dell\u2019ordine, o con la societ\u00e0 di vigilanza o l\u2019utilizzo di applicativi che consentano una migliore comunicazione tra operatori sanitari, familiari e caregivers che possono contribuire a ridurre i momenti di tensione o l\u2019uso di bodycam.<\/em><\/p>\n\n\n\n<h2><strong>Aggressione da un paziente psichiatrico<\/strong><\/h2>\n\n\n\n<p><em>Quel che pi\u00f9 preoccupa \u00e8 la peculiarit\u00e0 di questo caso, cos\u00ec come avvenuto in altre due occasioni nei mesi scorsi, l\u2019aggressione viene da un paziente psichiatrico, un chiaro segnale che \u00e8 insufficiente il modello della rete territoriale psichiatrica. Pare che al pronto soccorso del Papardo fossero gi\u00e0 4 i pazienti psichiatrici in attesa. Poche risorse, poco personale e probabilmente le aziende sanitarie e ospedaliere che non si parlano tra loro, almeno su questo problema. Ci auguriamo che la preannunciata riforma della rete ospedaliera dia le giuste risposte per il tema della psichiatria territoriale, e non sia una semplice ripartizione con matita e squadretta di ospedali e posti letto. Nei prossimi giorni invieremo una nota chiedendo l\u2019istituzione di un tavolo di coordinamento contro le aggressioni che coinvolga tutte le aziende sanitarie ed ospedaliere. Inoltre, chiediamo la reale applicazione del Decreto Assessoriale 1603, un caso come questi necessita della segnalazione alla gruppo di lavoro rischio aggressioni per i conseguenti provvedimento, oltre ad una preventiva analisi delle condizioni operative e dell\u2019organizzazione dei servizi considerati maggiormente a rischio. Infine, massima solidariet\u00e0 da parte di UGL Salute Messina al medico colpito che possa tornare a svolgere serenamente la propria attivit\u00e0 sul posto di lavoro<\/em>&#8220;<\/p>\n","protected":false},"excerpt":{"rendered":"<p>Dopo l&#8217;allarme lanciato dalla Uil-Fpl riguardo l&#8217;aggressione subita da un medico del Pronto soccorso del Papardo, interviene anche il sindacato UGLc con una nota a firma di Fabrizio Denaro e Antonio Sciotto, rispettivamente segretario provinciale UGL Salute e segretario provinciale UTL-UGL . Preoccupazione dell&#8217;UGL \u201cApprendiamo, con crescente preoccupazione, dagli organi di stampa cittadina dell\u2019ennesimo caso [&hellip;]<\/p>\n","protected":false},"author":2,"featured_media":50891,"comment_status":"open","ping_status":"open","sticky":false,"template":"","format":"standard","meta":{"ub_ctt_via":"","_mi_skip_tracking":false},"categories":[5],"tags":[10168,812,7489],"featured_image_src":"https:\/\/www.messinaoggi.it\/website\/wp-content\/uploads\/2020\/12\/IMG-20201229-WA0026.jpg","author_info":{"display_name":"Redazione","author_link":"https:\/\/www.messinaoggi.it\/website\/author\/redazione\/"},"digistream_id":0,"digistream":false,"_links":{"self":[{"href":"https:\/\/www.messinaoggi.it\/website\/wp-json\/wp\/v2\/posts\/204068"}],"collection":[{"href":"https:\/\/www.messinaoggi.it\/website\/wp-json\/wp\/v2\/posts"}],"about":[{"href":"https:\/\/www.messinaoggi.it\/website\/wp-json\/wp\/v2\/types\/post"}],"author":[{"embeddable":true,"href":"https:\/\/www.messinaoggi.it\/website\/wp-json\/wp\/v2\/users\/2"}],"replies":[{"embeddable":true,"href":"https:\/\/www.messinaoggi.it\/website\/wp-json\/wp\/v2\/comments?post=204068"}],"version-history":[{"count":1,"href":"https:\/\/www.messinaoggi.it\/website\/wp-json\/wp\/v2\/posts\/204068\/revisions"}],"predecessor-version":[{"id":204069,"href":"https:\/\/www.messinaoggi.it\/website\/wp-json\/wp\/v2\/posts\/204068\/revisions\/204069"}],"wp:featuredmedia":[{"embeddable":true,"href":"https:\/\/www.messinaoggi.it\/website\/wp-json\/wp\/v2\/media\/50891"}],"wp:attachment":[{"href":"https:\/\/www.messinaoggi.it\/website\/wp-json\/wp\/v2\/media?parent=204068"}],"wp:term":[{"taxonomy":"category","embeddable":true,"href":"https:\/\/www.messinaoggi.it\/website\/wp-json\/wp\/v2\/categories?post=204068"},{"taxonomy":"post_tag","embeddable":true,"href":"https:\/\/www.messinaoggi.it\/website\/wp-json\/wp\/v2\/tags?post=204068"}],"curies":[{"name":"wp","href":"https:\/\/api.w.org\/{rel}","templated":true}]}}