{"id":203840,"date":"2024-07-05T16:08:02","date_gmt":"2024-07-05T14:08:02","guid":{"rendered":"https:\/\/www.messinaoggi.it\/website\/2024\/07\/05\/turismo-baccarini-affitti-brevi-una-risorsa-per-il-paese\/"},"modified":"2024-07-05T16:08:02","modified_gmt":"2024-07-05T14:08:02","slug":"turismo-baccarini-affitti-brevi-una-risorsa-per-il-paese","status":"publish","type":"post","link":"https:\/\/www.messinaoggi.it\/website\/2024\/07\/05\/turismo-baccarini-affitti-brevi-una-risorsa-per-il-paese\/","title":{"rendered":"Turismo, Baccarini \u201cAffitti brevi una risorsa per il Paese\u201d"},"content":{"rendered":"<div>ROMA (ITALPRESS) &#8211; &#8220;Anche quest&#8217;anno le locazioni turistiche si confermano essere una risorsa necessaria e strategica straordinaria per il sistema Paese, per l&#8217;economia sia locale che nazionale. Si attendono oltre 65 milioni di turisti per quest&#8217;estate, soprattutto nordamericani e cinesi, e le strutture ricettive tradizionali non consentono di accogliere tutti, quindi serve la disponibilit\u00e0 di proprietari di mettere a disposizione delle seconde case per turisti che decidono di fare una vacanza differente in autonomia, senza vincoli legati a hotellerie o strutture ricettive tradizionali&#8221;. Lo ha detto Gian Battista Baccarini, presidente nazionale della Federazione Italiana Agenti Immobiliari Professionali, intervistato da Claudio Brachino per il magazine televisivo Italpress Economy. La Fiaip rappresenta &#8220;15.000 agenti immobiliari professionali e circa 16.000 agenzie immobiliari italiane e, da circa 10 anni, abbiamo aperto anche agli intermediari del credito, quindi tuteliamo gli interessi ma sempre in un&#8217;ottica di salvaguardia del comparto edilizio immobiliare&#8221;, ha ricordato Baccarini.<br \/>Gli affitti brevi fanno discutere per i loro effetti sul mercato delle locazioni a medio-lungo termine. A Barcellona dal 2029 gli affitti turistici saranno vietati, ma Baccarini ricorda che la citt\u00e0 catalana gi\u00e0 aveva posto dei limiti a questo genere di locazioni, cos\u00ec come altre realt\u00e0 europee: &#8220;Amsterdam limita a 30 giorni massimo gli affitti per periodi brevi, come la stessa Ginevra fa per 60 giorni, ma anche Berlino, Londra e Madrid per 90 giorni e Parigi 120&#8221;. Per il presidente della Fiaip si tratta di provvedimenti che ottengono l&#8217;effetto contrario rispetto a quello preventivato: &#8220;E&#8217; aumentato il sommerso, l&#8217;illegalit\u00e0 e l&#8217;abusivismo correlato e soprattutto i canoni sono aumentati e l&#8217;offerta di casa \u00e8 nettamente peggiorata &#8211; spiega -. Pensiamo che la strada non sia quella di limitare o vietare gli affitti turistici, perch\u00e8 i problemi della gentrificazione, dello spopolamento dei centri storici, dell&#8217;emergenza abitativa vanno affrontati cercando di comprendere i motivi per i quali proprietari decidono di affittare per un periodo breve: fondamentalmente nell&#8217;affittare per un periodo lungo si teme di non rientrare in possesso dell&#8217;immobile&#8221; in tempi certi, &#8220;gli affitti lunghi sono meno flessibili, meno sicuri e meno redditizi. Quindi bisogna attuare delle politiche abitative mirate e adeguate che, da una parte, portino un aumento dell&#8217;offerta residenziale per chi ha meno possibilit\u00e0 economiche, e dall&#8217;altra stimolino i proprietari ad affittare a medio-lungo termine, con degli strumenti di incentivazione fiscale, per esempio riducendo l&#8217;IMU o eliminandola&#8221;.<br \/>Dalla Fiaip giudizio positivo sulla norma Salva-Casa. &#8220;Siamo stati tra promotori di questo primo pacchetto che secondo noi render\u00e0 pi\u00f9 sicure e veloci le compravendite immobiliari &#8211; ha detto Baccarini -, perch\u00e8 l&#8217;80% degli immobili in Italia hanno delle lievi difformit\u00e0 edilizie e urbanistiche che spesso non sono intercettabili e, quando sono intercettate, non sono sanabili in tempi sicuri e veloci. Questo provvedimento va nella direzione di rendere pi\u00f9 facilmente intercettabili queste difformit\u00e0 e soprattutto sanabili in tempi certi, con la misura del silenzio assenso&#8221;.<br \/>La direttiva europea sulle case green, invece, &#8220;va cambiata. La finalit\u00e0 \u00e8 virtuosa, perch\u00e8 tutti desideriamo avere una casa in efficienza energetica che impatta meno nell&#8217;ambiente e contribuisca al decoro urbano, ma l&#8217;impostazione non \u00e8 corretta &#8211; spiega il presidente della Fiaip -. Gli obiettivi prefissati dall&#8217;Europa sono tecnicamente inattuabili nel nostro Paese per le caratteristiche del nostro patrimonio immobiliare: dobbiamo rendere fattibile e percorribile il raggiungimento di questi obiettivi, serve una maggiore gradualit\u00e0 e vanno messe in campo delle risorse per accompagnare e non obbligare il cittadino in questa transizione ecologica virtuosa che tutti desideriamo. Vanno messi in atto degli strumenti finanziari a supporto della comunit\u00e0&#8221;.<br \/>Per quanto riguarda il taglio dei tassi, &#8220;gli effetti iniziano a vedersi&#8221; sulle compravendite: &#8220;Riteniamo che da adesso in avanti ci sar\u00e0 una rinnovata fiducia per il mercato immobiliare&#8221;, spiega Baccarini.<div id=\"div-gpt-ad-Messinaoggi.it-DSK-300x250-corpoart\" style=\"text-align:center;margin:0 auto;\"><\/div><\/p>\n<p>&#8211; Foto Italpress &#8211;<div id=\"videoincontent\" style=\"clear:both\";><\/div><\/p>\n<p>(ITALPRESS).<\/p><\/div>\n","protected":false},"excerpt":{"rendered":"<p>ROMA (ITALPRESS) &#8211; &#8220;Anche quest&#8217;anno le locazioni turistiche si confermano essere una risorsa necessaria e strategica straordinaria per il sistema Paese, per l&#8217;economia sia locale che nazionale. Si attendono oltre 65 milioni di turisti per quest&#8217;estate, soprattutto nordamericani e cinesi, e le strutture ricettive tradizionali non consentono di accogliere tutti, quindi serve la disponibilit\u00e0 di [&hellip;]<\/p>\n","protected":false},"author":18,"featured_media":203841,"comment_status":"closed","ping_status":"closed","sticky":false,"template":"","format":"standard","meta":{"ub_ctt_via":"","_mi_skip_tracking":false},"categories":[446],"tags":[783],"featured_image_src":"https:\/\/www.messinaoggi.it\/website\/wp-content\/uploads\/2024\/07\/20240705_0836.jpg","author_info":{"display_name":"Admin","author_link":"https:\/\/www.messinaoggi.it\/website\/author\/admin\/"},"digistream_id":0,"digistream":false,"_links":{"self":[{"href":"https:\/\/www.messinaoggi.it\/website\/wp-json\/wp\/v2\/posts\/203840"}],"collection":[{"href":"https:\/\/www.messinaoggi.it\/website\/wp-json\/wp\/v2\/posts"}],"about":[{"href":"https:\/\/www.messinaoggi.it\/website\/wp-json\/wp\/v2\/types\/post"}],"author":[{"embeddable":true,"href":"https:\/\/www.messinaoggi.it\/website\/wp-json\/wp\/v2\/users\/18"}],"replies":[{"embeddable":true,"href":"https:\/\/www.messinaoggi.it\/website\/wp-json\/wp\/v2\/comments?post=203840"}],"version-history":[{"count":0,"href":"https:\/\/www.messinaoggi.it\/website\/wp-json\/wp\/v2\/posts\/203840\/revisions"}],"wp:featuredmedia":[{"embeddable":true,"href":"https:\/\/www.messinaoggi.it\/website\/wp-json\/wp\/v2\/media\/203841"}],"wp:attachment":[{"href":"https:\/\/www.messinaoggi.it\/website\/wp-json\/wp\/v2\/media?parent=203840"}],"wp:term":[{"taxonomy":"category","embeddable":true,"href":"https:\/\/www.messinaoggi.it\/website\/wp-json\/wp\/v2\/categories?post=203840"},{"taxonomy":"post_tag","embeddable":true,"href":"https:\/\/www.messinaoggi.it\/website\/wp-json\/wp\/v2\/tags?post=203840"}],"curies":[{"name":"wp","href":"https:\/\/api.w.org\/{rel}","templated":true}]}}