{"id":203785,"date":"2024-07-05T13:08:03","date_gmt":"2024-07-05T11:08:03","guid":{"rendered":"https:\/\/www.messinaoggi.it\/website\/2024\/07\/05\/ue-tajani-sosterremo-von-der-leyen-alla-presidenza-della-commissione\/"},"modified":"2024-07-05T13:08:03","modified_gmt":"2024-07-05T11:08:03","slug":"ue-tajani-sosterremo-von-der-leyen-alla-presidenza-della-commissione","status":"publish","type":"post","link":"https:\/\/www.messinaoggi.it\/website\/2024\/07\/05\/ue-tajani-sosterremo-von-der-leyen-alla-presidenza-della-commissione\/","title":{"rendered":"Ue, Tajani \u201cSosterremo von der Leyen alla presidenza della Commissione\u201d"},"content":{"rendered":"<div>ROMA (ITALPRESS) &#8211; &#8220;L&#8217;Europa \u00e8 diversa dall&#8217;Italia, le istituzioni comunitarie sono completamente diverse dalle istituzioni italiane: serve una maggioranza tra i capi di stato e di Governo che non sono stati eletti insieme ai rappresentanti al Parlamento Europeo, quindi possono esserci maggioranze politiche diverse. Ora \u00e8 stata indicata Ursula von der Leyen &#8211; candidata del Partito Popolare Europeo del quale fa parte Forza Italia &#8211; come nuovo presidente della Commissione e certamente noi la sosterremo&#8221;. Lo ha detto il vicepremier e ministro degli Esteri, Antonio Tajani, a &#8220;Morning News&#8221; su Canale 5. &#8220;Non ci sar\u00e0 l&#8217;accordo con i Verdi, poi si vedr\u00e0: se vogliono votare per von der Leyen \u00e8 una loro scelta. Io ho sempre detto &#8216;guardiamo con maggiore attenzione verso i conservator\u00ec&#8221;.<div id=\"div-gpt-ad-Messinaoggi.it-DSK-300x250-corpoart\" style=\"text-align:center;margin:0 auto;\"><\/div><\/p>\n<p>&#8211; foto: Agenzia Fotogramma &#8211;<br \/>\n(ITALPRESS).<div id=\"videoincontent\" style=\"clear:both\";><\/div><\/p><\/div>\n","protected":false},"excerpt":{"rendered":"<p>ROMA (ITALPRESS) &#8211; &#8220;L&#8217;Europa \u00e8 diversa dall&#8217;Italia, le istituzioni comunitarie sono completamente diverse dalle istituzioni italiane: serve una maggioranza tra i capi di stato e di Governo che non sono stati eletti insieme ai rappresentanti al Parlamento Europeo, quindi possono esserci maggioranze politiche diverse. Ora \u00e8 stata indicata Ursula von der Leyen &#8211; candidata del [&hellip;]<\/p>\n","protected":false},"author":18,"featured_media":203786,"comment_status":"closed","ping_status":"closed","sticky":false,"template":"","format":"standard","meta":{"ub_ctt_via":"","_mi_skip_tracking":false},"categories":[446],"tags":[783],"featured_image_src":"https:\/\/www.messinaoggi.it\/website\/wp-content\/uploads\/2024\/07\/20240705_0260.jpg","author_info":{"display_name":"Admin","author_link":"https:\/\/www.messinaoggi.it\/website\/author\/admin\/"},"digistream_id":0,"digistream":false,"_links":{"self":[{"href":"https:\/\/www.messinaoggi.it\/website\/wp-json\/wp\/v2\/posts\/203785"}],"collection":[{"href":"https:\/\/www.messinaoggi.it\/website\/wp-json\/wp\/v2\/posts"}],"about":[{"href":"https:\/\/www.messinaoggi.it\/website\/wp-json\/wp\/v2\/types\/post"}],"author":[{"embeddable":true,"href":"https:\/\/www.messinaoggi.it\/website\/wp-json\/wp\/v2\/users\/18"}],"replies":[{"embeddable":true,"href":"https:\/\/www.messinaoggi.it\/website\/wp-json\/wp\/v2\/comments?post=203785"}],"version-history":[{"count":0,"href":"https:\/\/www.messinaoggi.it\/website\/wp-json\/wp\/v2\/posts\/203785\/revisions"}],"wp:featuredmedia":[{"embeddable":true,"href":"https:\/\/www.messinaoggi.it\/website\/wp-json\/wp\/v2\/media\/203786"}],"wp:attachment":[{"href":"https:\/\/www.messinaoggi.it\/website\/wp-json\/wp\/v2\/media?parent=203785"}],"wp:term":[{"taxonomy":"category","embeddable":true,"href":"https:\/\/www.messinaoggi.it\/website\/wp-json\/wp\/v2\/categories?post=203785"},{"taxonomy":"post_tag","embeddable":true,"href":"https:\/\/www.messinaoggi.it\/website\/wp-json\/wp\/v2\/tags?post=203785"}],"curies":[{"name":"wp","href":"https:\/\/api.w.org\/{rel}","templated":true}]}}