{"id":203583,"date":"2024-07-03T23:08:01","date_gmt":"2024-07-03T21:08:01","guid":{"rendered":"https:\/\/www.messinaoggi.it\/website\/2024\/07\/03\/carceri-nordio-con-dl-giustizia-semplifichiamo-pene-alternative\/"},"modified":"2024-07-03T23:08:01","modified_gmt":"2024-07-03T21:08:01","slug":"carceri-nordio-con-dl-giustizia-semplifichiamo-pene-alternative","status":"publish","type":"post","link":"https:\/\/www.messinaoggi.it\/website\/2024\/07\/03\/carceri-nordio-con-dl-giustizia-semplifichiamo-pene-alternative\/","title":{"rendered":"Carceri, Nordio \u201cCon dl Giustizia semplifichiamo pene alternative\u201d"},"content":{"rendered":"<div>ROMA (ITALPRESS) &#8211; &#8220;Il decreto legge che abbiamo approvato oggi \u00e8 un intervento vasto e strutturale che affronta il modo organico un altro settore del sistema dell&#8217;esecuzione penale, contiene anche delle norme del diritto penale nell&#8217;ambito anche del processo civile&#8221;. Lo ha detto Carlo Nordio, ministro della Giustizia, nella conferenza stampa al termine del Consiglio dei ministri.<br \/>&#8220;Questo intervento \u00e8 frutto di una visione del governo Meloni, condivisa &#8211; ha aggiunto -, una condivisione che dal punto di vista della giustizia \u00e8 orientata su quello che potremmo chiamare umanizzazioni carcerarie&#8221;.<br \/>&#8220;Non user\u00f2 mai la parola svuota-carceri che \u00e8 impropria e diseducativa, con il dl Giustizia vi \u00e8 una semplificazione nella procedura per facilitare la pena alternativa, i reati non sono tutti uguali &#8211; ha detto Nordio -. Abbiamo rimodulato sia l&#8217;aspetto della semplificazione sia quella dell&#8217;umanizzazione&#8221;.<div id=\"div-gpt-ad-Messinaoggi.it-DSK-300x250-corpoart\" style=\"text-align:center;margin:0 auto;\"><\/div><\/p>\n<p>&#8211; Foto: Agenzia Fotogramma &#8211;<div id=\"videoincontent\" style=\"clear:both\";><\/div><\/p>\n<p>(ITALPRESS).<\/p><\/div>\n","protected":false},"excerpt":{"rendered":"<p>ROMA (ITALPRESS) &#8211; &#8220;Il decreto legge che abbiamo approvato oggi \u00e8 un intervento vasto e strutturale che affronta il modo organico un altro settore del sistema dell&#8217;esecuzione penale, contiene anche delle norme del diritto penale nell&#8217;ambito anche del processo civile&#8221;. Lo ha detto Carlo Nordio, ministro della Giustizia, nella conferenza stampa al termine del Consiglio [&hellip;]<\/p>\n","protected":false},"author":18,"featured_media":203584,"comment_status":"closed","ping_status":"closed","sticky":false,"template":"","format":"standard","meta":{"ub_ctt_via":"","_mi_skip_tracking":false},"categories":[446],"tags":[783],"featured_image_src":"https:\/\/www.messinaoggi.it\/website\/wp-content\/uploads\/2024\/07\/20240703_2062.jpg","author_info":{"display_name":"Admin","author_link":"https:\/\/www.messinaoggi.it\/website\/author\/admin\/"},"digistream_id":0,"digistream":false,"_links":{"self":[{"href":"https:\/\/www.messinaoggi.it\/website\/wp-json\/wp\/v2\/posts\/203583"}],"collection":[{"href":"https:\/\/www.messinaoggi.it\/website\/wp-json\/wp\/v2\/posts"}],"about":[{"href":"https:\/\/www.messinaoggi.it\/website\/wp-json\/wp\/v2\/types\/post"}],"author":[{"embeddable":true,"href":"https:\/\/www.messinaoggi.it\/website\/wp-json\/wp\/v2\/users\/18"}],"replies":[{"embeddable":true,"href":"https:\/\/www.messinaoggi.it\/website\/wp-json\/wp\/v2\/comments?post=203583"}],"version-history":[{"count":0,"href":"https:\/\/www.messinaoggi.it\/website\/wp-json\/wp\/v2\/posts\/203583\/revisions"}],"wp:featuredmedia":[{"embeddable":true,"href":"https:\/\/www.messinaoggi.it\/website\/wp-json\/wp\/v2\/media\/203584"}],"wp:attachment":[{"href":"https:\/\/www.messinaoggi.it\/website\/wp-json\/wp\/v2\/media?parent=203583"}],"wp:term":[{"taxonomy":"category","embeddable":true,"href":"https:\/\/www.messinaoggi.it\/website\/wp-json\/wp\/v2\/categories?post=203583"},{"taxonomy":"post_tag","embeddable":true,"href":"https:\/\/www.messinaoggi.it\/website\/wp-json\/wp\/v2\/tags?post=203583"}],"curies":[{"name":"wp","href":"https:\/\/api.w.org\/{rel}","templated":true}]}}