{"id":203394,"date":"2024-07-01T21:08:03","date_gmt":"2024-07-01T19:08:03","guid":{"rendered":"https:\/\/www.messinaoggi.it\/website\/2024\/07\/01\/como-al-via-un-progetto-di-impresa-in-carcere-di-intesa-sanpaolo\/"},"modified":"2024-07-01T21:08:03","modified_gmt":"2024-07-01T19:08:03","slug":"como-al-via-un-progetto-di-impresa-in-carcere-di-intesa-sanpaolo","status":"publish","type":"post","link":"https:\/\/www.messinaoggi.it\/website\/2024\/07\/01\/como-al-via-un-progetto-di-impresa-in-carcere-di-intesa-sanpaolo\/","title":{"rendered":"Como, al via un progetto di impresa in carcere di Intesa Sanpaolo"},"content":{"rendered":"<div>COMO (ITALPRESS) &#8211; Inaugurato all&#8217;interno della Casa Circondariale di Como, un laboratorio per la costruzione di quadri elettrici complessi: qui lavoreranno detenuti selezionati che partecipano al progetto d&#8217;impresa in carcere, promosso da Intesa Sanpaolo.<br \/>L&#8217;iniziativa \u00e8 stata presentata all&#8217;interno dell&#8217;istituto penitenziario lombardo e proprio oggi ha preso l&#8217;avvio la parte pratica operativa del progetto che punta a favorire l&#8217;incontro fra imprese e lavoratori formati proprio all&#8217;interno delle mura dell&#8217;istituto.<br \/>Undici detenuti sono stati selezionati e si specializzeranno nella realizzazione appunto di quadri elettrici complessi diventando cos\u00ec tecnici cablatori elettricisti. <br \/>Il progetto coinvolge, oltre a Intesa Sanpaolo e alla Casa Circondariale, il gruppo MekTech, azienda specializzata nella progettazione e costruzione di impianti e sistemi robotizzati, e la cooperativa sociale Ozanam, che favorisce l&#8217;inserimento nel mondo del lavoro di persone in difficolt\u00e0. Presenti all&#8217;avvio dei lavori a Como, Don Gino Rigoldi, ispiratore del progetto, il Provveditorato regionale e il sottosegretario alla Giustizia, Andrea Ostellari.<br \/>&#8220;Il carcere si apre e accoglie al suo interno un&#8217;opportunit\u00e0. In questo caso il carcere \u00e8 un luogo dove si pu\u00f2 apprendere un talento. Il percorso serve a generare un&#8217;opportunit\u00e0 per il futuro e questo grazie anche all&#8217;imprenditore che ha deciso di portare qui parte dell&#8217;attivit\u00e0 e ha accettato la sfida&#8221;, ha detto Stefano Barrese, Responsabile Divisione Banca dei Territori di Intesa Sanpaolo.<br \/>&#8220;Questo progetto &#8211; ha spiegato Anna Roscio, Executive director, sales and marketing imprese di Intesa Sanpaolo, al microfono di Italpress &#8211; nasce dalla volont\u00e0 di unire i nostri clienti, imprese ed enti no profit per creare un percorso virtuoso di lavoro dentro al carcere e l&#8217;opportunit\u00e0 di apprendere un mestiere&#8221;.<br \/>Nel laboratorio, uno spazio da circa 180 mq, interno alla Casa Circondariale, avverr\u00e0 tutto il processo produttivo, dall&#8217;arrivo dei componenti fino alla realizzazione del prodotto confezionato dai nuovi tecnici.<br \/>Secondo dati del CNEL, il Consiglio Nazionale dell&#8217;Economia e del Lavoro e del ministero della Giustizia, il 70% dei detenuti cade nuovamente in errore una volta scontata la pena, il tasso di recidiva per\u00f2 scende al 2%, secondo una stima della stessa fonte, per chi viene avviato a un percorso formativo e lavorativo: &#8220;Quando una persona esce dal carcere con un mestiere in mano &#8211; ha detto Don Gino Rigoldi &#8211; il tasso di recidiva crolla. Acquisisce infatti un qualche strumento per essere autonomo, con progetti come questo si fa sicurezza e occupazione assieme&#8221;.<br \/>L&#8217;esperienza lavorativa per le 11 persone selezionate punta a consentire il potenziale inserimento lavorativo in futuro. Al taglio del nastro erano presenti i lavoratori coinvolti nel progetto che hanno mostrato grande entusiasmo: &#8220;Ci sentiamo molto fortunati &#8211; ha testimoniato Claudio Clerici, 33 anni &#8211; questo progetto ci offre anche l&#8217;opportunit\u00e0 di mantenerci e di non stare con le mani in mano&#8221;. &#8220;Io oggi mi sento felice e quasi non mi sembra di essere in un ambiente carcerario&#8221;, ha detto invece Amed Cetin, 22 anni.<br \/>&#8220;Intesa Sanpaolo per il Sociale &#8211; ha spiegato Paolo Bonassi, Chief Social Impact Officer del Gruppo &#8211; \u00e8 una struttura che \u00e8 stata costituita recentemente con il compito di gestire il nostro programma di contrasto alle disuguaglianze che \u00e8 considerato il pi\u00f9 grande svolto da un soggetto privato nel nostro Paese&#8221;.<br \/>-foto f03 &#8211;<br \/>(ITALPRESS).<\/div>\n<div id=\"div-gpt-ad-Messinaoggi.it-DSK-300x250-corpoart\" style=\"text-align:center;margin:0 auto;\"><\/div><\/p><div id=\"videoincontent\" style=\"clear:both\";><\/div>","protected":false},"excerpt":{"rendered":"<p>COMO (ITALPRESS) &#8211; Inaugurato all&#8217;interno della Casa Circondariale di Como, un laboratorio per la costruzione di quadri elettrici complessi: qui lavoreranno detenuti selezionati che partecipano al progetto d&#8217;impresa in carcere, promosso da Intesa Sanpaolo.L&#8217;iniziativa \u00e8 stata presentata all&#8217;interno dell&#8217;istituto penitenziario lombardo e proprio oggi ha preso l&#8217;avvio la parte pratica operativa del progetto che punta [&hellip;]<\/p>\n","protected":false},"author":18,"featured_media":203395,"comment_status":"closed","ping_status":"closed","sticky":false,"template":"","format":"standard","meta":{"ub_ctt_via":"","_mi_skip_tracking":false},"categories":[446],"tags":[783],"featured_image_src":"https:\/\/www.messinaoggi.it\/website\/wp-content\/uploads\/2024\/07\/20240701_1720.jpg","author_info":{"display_name":"Admin","author_link":"https:\/\/www.messinaoggi.it\/website\/author\/admin\/"},"digistream_id":0,"digistream":false,"_links":{"self":[{"href":"https:\/\/www.messinaoggi.it\/website\/wp-json\/wp\/v2\/posts\/203394"}],"collection":[{"href":"https:\/\/www.messinaoggi.it\/website\/wp-json\/wp\/v2\/posts"}],"about":[{"href":"https:\/\/www.messinaoggi.it\/website\/wp-json\/wp\/v2\/types\/post"}],"author":[{"embeddable":true,"href":"https:\/\/www.messinaoggi.it\/website\/wp-json\/wp\/v2\/users\/18"}],"replies":[{"embeddable":true,"href":"https:\/\/www.messinaoggi.it\/website\/wp-json\/wp\/v2\/comments?post=203394"}],"version-history":[{"count":0,"href":"https:\/\/www.messinaoggi.it\/website\/wp-json\/wp\/v2\/posts\/203394\/revisions"}],"wp:featuredmedia":[{"embeddable":true,"href":"https:\/\/www.messinaoggi.it\/website\/wp-json\/wp\/v2\/media\/203395"}],"wp:attachment":[{"href":"https:\/\/www.messinaoggi.it\/website\/wp-json\/wp\/v2\/media?parent=203394"}],"wp:term":[{"taxonomy":"category","embeddable":true,"href":"https:\/\/www.messinaoggi.it\/website\/wp-json\/wp\/v2\/categories?post=203394"},{"taxonomy":"post_tag","embeddable":true,"href":"https:\/\/www.messinaoggi.it\/website\/wp-json\/wp\/v2\/tags?post=203394"}],"curies":[{"name":"wp","href":"https:\/\/api.w.org\/{rel}","templated":true}]}}