{"id":203372,"date":"2024-07-01T19:08:03","date_gmt":"2024-07-01T17:08:03","guid":{"rendered":"https:\/\/www.messinaoggi.it\/website\/2024\/07\/01\/al-tour-la-tappa-di-torino-alleritreo-girmay-carapaz-in-giallo\/"},"modified":"2024-07-01T19:08:03","modified_gmt":"2024-07-01T17:08:03","slug":"al-tour-la-tappa-di-torino-alleritreo-girmay-carapaz-in-giallo","status":"publish","type":"post","link":"https:\/\/www.messinaoggi.it\/website\/2024\/07\/01\/al-tour-la-tappa-di-torino-alleritreo-girmay-carapaz-in-giallo\/","title":{"rendered":"Al Tour la tappa di Torino all\u2019eritreo Girmay, Carapaz in giallo"},"content":{"rendered":"<div>TORINO (ITALPRESS) &#8211; Giornata storica per il Tour de France. Prima vittoria di tappa nella Grande Boucle per un eritreo, ovvero per Biniam Girmay (team Intermarch\u00e8-Wanty). Prima maglia gialla per un ecuadoriano, Richard Carapaz (EF Education-EasyPost). Tutto questo \u00e8 successo nella terza tappa del Tour 2024, la pi\u00f9 lunga di questa edizione, disputata in Italia, da Piacenza a Torino, per un totale di 230.8 chilometri. Il ciclista eritreo ha trionfato in volata. Una volata condizionata da una caduta a due chilometri dall&#8217;arrivo, per fortuna senza conseguenze particolari per gli interessati, che ha alterato gli equilibri dei vari team del gruppo, che era compatto verso l&#8217;arrivo. Girmay ha preceduto allo sprint il colombiano Fernando Gaviria (Movistar), secondo, e il belga Arnaud De Lie (Lotto Dstny), terzo.<br \/>\nLa maglia gialla di leader della corsa \u00e8 passata dalle spalle dello sloveno Tadej Pogacar (UAE Emirates) a quelle dell&#8217;ecuadoriano Richard Carapaz (EF Education-EasyPost) per via dei migliori piazzamenti ottenuti fino a oggi. Restano comunque tutti appaiati in classifica generale, con lo stesso tempo, il nuovo leader della corsa, lo stesso Pogacar, il danese Jonas Vingegaard (Visma-Lease a Bike) e il belga Remco Evenepoel (Soudal Quick-Step).<br \/>\nGrandi emozioni dopo il traguardo per entrambi i protagonisti di oggi. &#8220;E&#8217; un sogno avverato per me indossare la maglia gialla. Per il grande rispetto che ho del Tour de France, per me \u00e8 un momento magico. Volevo cogliere questa opportunit\u00e0 e ci sono riuscito. Abbiamo lavorato bene come team nel finale, che \u00e8 stato a dir poco spettacolare&#8221;, ha detto Carapaz. &#8220;Grazie alla squadra per tutto il supporto che mi ha dato. E&#8217; il nostro momento. Stiamo conquistando diverse vittorie e anche oggi \u00e8 andata bene. Non avevamo mai vinto al Tour e sono felicissimo. E&#8217; una vittoria importante per me e per l&#8217;Africa: ho sempre sognato di far parte di questa corsa e magari di vincere una frazione. Saluto la mia famiglia e tutta l&#8217;Africa. I piani del team erano altri ma dopo la caduta nel finale \u00e8 cambiato tutto e io ho provato a vincere la tappa&#8221;, ha affermato invece Girmay.<br \/>\nDomani \u00e8 in programma la quarta frazione, da Pinerolo a Valloire, di 139.6 chilometri: la pattuglia gialla saluter\u00e0 l&#8217;Italia per approdare in Francia e, soprattutto, affronter\u00e0 le prime vere salite.<br \/>\n&#8211; foto Ipa Agency &#8211;<br \/>\n(ITALPRESS).<\/div>\n<div id=\"div-gpt-ad-Messinaoggi.it-DSK-300x250-corpoart\" style=\"text-align:center;margin:0 auto;\"><\/div><\/p><div id=\"videoincontent\" style=\"clear:both\";><\/div>","protected":false},"excerpt":{"rendered":"<p>TORINO (ITALPRESS) &#8211; Giornata storica per il Tour de France. Prima vittoria di tappa nella Grande Boucle per un eritreo, ovvero per Biniam Girmay (team Intermarch\u00e8-Wanty). Prima maglia gialla per un ecuadoriano, Richard Carapaz (EF Education-EasyPost). Tutto questo \u00e8 successo nella terza tappa del Tour 2024, la pi\u00f9 lunga di questa edizione, disputata in Italia, [&hellip;]<\/p>\n","protected":false},"author":18,"featured_media":203373,"comment_status":"closed","ping_status":"closed","sticky":false,"template":"","format":"standard","meta":{"ub_ctt_via":"","_mi_skip_tracking":false},"categories":[446],"tags":[783],"featured_image_src":"https:\/\/www.messinaoggi.it\/website\/wp-content\/uploads\/2024\/07\/20240701_1559.jpg","author_info":{"display_name":"Admin","author_link":"https:\/\/www.messinaoggi.it\/website\/author\/admin\/"},"digistream_id":0,"digistream":false,"_links":{"self":[{"href":"https:\/\/www.messinaoggi.it\/website\/wp-json\/wp\/v2\/posts\/203372"}],"collection":[{"href":"https:\/\/www.messinaoggi.it\/website\/wp-json\/wp\/v2\/posts"}],"about":[{"href":"https:\/\/www.messinaoggi.it\/website\/wp-json\/wp\/v2\/types\/post"}],"author":[{"embeddable":true,"href":"https:\/\/www.messinaoggi.it\/website\/wp-json\/wp\/v2\/users\/18"}],"replies":[{"embeddable":true,"href":"https:\/\/www.messinaoggi.it\/website\/wp-json\/wp\/v2\/comments?post=203372"}],"version-history":[{"count":0,"href":"https:\/\/www.messinaoggi.it\/website\/wp-json\/wp\/v2\/posts\/203372\/revisions"}],"wp:featuredmedia":[{"embeddable":true,"href":"https:\/\/www.messinaoggi.it\/website\/wp-json\/wp\/v2\/media\/203373"}],"wp:attachment":[{"href":"https:\/\/www.messinaoggi.it\/website\/wp-json\/wp\/v2\/media?parent=203372"}],"wp:term":[{"taxonomy":"category","embeddable":true,"href":"https:\/\/www.messinaoggi.it\/website\/wp-json\/wp\/v2\/categories?post=203372"},{"taxonomy":"post_tag","embeddable":true,"href":"https:\/\/www.messinaoggi.it\/website\/wp-json\/wp\/v2\/tags?post=203372"}],"curies":[{"name":"wp","href":"https:\/\/api.w.org\/{rel}","templated":true}]}}