{"id":203333,"date":"2024-07-01T15:58:32","date_gmt":"2024-07-01T13:58:32","guid":{"rendered":"http:\/\/www.messinaoggi.it\/website\/?p=203333"},"modified":"2024-07-01T16:00:19","modified_gmt":"2024-07-01T14:00:19","slug":"amam-un-piano-per-fronteggiare-lemergenza-idrica","status":"publish","type":"post","link":"https:\/\/www.messinaoggi.it\/website\/2024\/07\/01\/amam-un-piano-per-fronteggiare-lemergenza-idrica\/","title":{"rendered":"Amam, un piano per fronteggiare l&#8217;emergenza idrica"},"content":{"rendered":"\n<p>Per fronteggiare la crisi idrica che sta mettendo a dura prova molte aree della Sicilia, Amam sta predisponendo un piano di interventi mirati a supporto delle zone pi\u00f9 in sofferenza di Messina. L&#8217;obiettivo \u00e8 soddisfare le esigenze dei cittadini gi\u00e0 a partire da questo mese di luglio e ovviamente ancora di pi\u00f9 nei prossimi mesi di agosto e settembre, quando la richiesta di acqua sar\u00e0 maggiore. Amam ha pubblicato un avviso per chiedere la disponibilit\u00e0 di soggetti pubblici e privati a fornire autobotti per il trasporto di acqua potabile. L&#8217;obiettivo \u00e8 potenziare i presidi idrici e assicurare un approvvigionamento continuo durante i mesi di luglio, agosto e settembre 2024.<br><br>&#8220;L&#8217;Amministrazione comunale, insieme all&#8217;Amam, &#8211; ha dichiarato l&#8217;assessore al ramo Francesco Caminiti &#8211; \u00e8 fortemente impegnata a trovare soluzioni efficaci e immediate per sostenere le zone della citt\u00e0 in cui si stanno registrando maggiori disagi. Abbiamo gi\u00e0 messo in campo interventi importanti come il potenziamento di diversi pozzi cittadini che contribuiscono a mitigare la crisi idrica. Su 94 distretti in citt\u00e0 solo 8 registrano una erogazione inferiore alle 5 ore. Rispetto ad altre citt\u00e0, grazie agli interventi avviati in questi anni, siamo riusciti a gestire la situazione garantendo comunque l&#8217;erogazione idrica e stiamo  predisponendo un piano di interventi mirati a rispondere alle esigenze dei cittadini, specialmente in considerazione del periodo estivo in corso&#8221;, ha concluso l&#8217;assessore Caminiti.<div id=\"div-gpt-ad-Messinaoggi.it-DSK-300x250-corpoart\" style=\"text-align:center;margin:0 auto;\"><\/div><\/p>\n<div id=\"videoincontent\" style=\"clear:both\";><\/div>","protected":false},"excerpt":{"rendered":"<p>Per fronteggiare la crisi idrica che sta mettendo a dura prova molte aree della Sicilia, Amam sta predisponendo un piano di interventi mirati a supporto delle zone pi\u00f9 in sofferenza di Messina. L&#8217;obiettivo \u00e8 soddisfare le esigenze dei cittadini gi\u00e0 a partire da questo mese di luglio e ovviamente ancora di pi\u00f9 nei prossimi mesi [&hellip;]<\/p>\n","protected":false},"author":4,"featured_media":177498,"comment_status":"open","ping_status":"open","sticky":false,"template":"","format":"standard","meta":{"ub_ctt_via":"","_mi_skip_tracking":false},"categories":[6],"tags":[95,1080,9796,179],"featured_image_src":"https:\/\/www.messinaoggi.it\/website\/wp-content\/uploads\/2023\/11\/402499160_10227599551446109_5754425190646450642_n.jpg","author_info":{"display_name":"redme","author_link":"https:\/\/www.messinaoggi.it\/website\/author\/redme\/"},"digistream_id":0,"digistream":false,"_links":{"self":[{"href":"https:\/\/www.messinaoggi.it\/website\/wp-json\/wp\/v2\/posts\/203333"}],"collection":[{"href":"https:\/\/www.messinaoggi.it\/website\/wp-json\/wp\/v2\/posts"}],"about":[{"href":"https:\/\/www.messinaoggi.it\/website\/wp-json\/wp\/v2\/types\/post"}],"author":[{"embeddable":true,"href":"https:\/\/www.messinaoggi.it\/website\/wp-json\/wp\/v2\/users\/4"}],"replies":[{"embeddable":true,"href":"https:\/\/www.messinaoggi.it\/website\/wp-json\/wp\/v2\/comments?post=203333"}],"version-history":[{"count":2,"href":"https:\/\/www.messinaoggi.it\/website\/wp-json\/wp\/v2\/posts\/203333\/revisions"}],"predecessor-version":[{"id":203335,"href":"https:\/\/www.messinaoggi.it\/website\/wp-json\/wp\/v2\/posts\/203333\/revisions\/203335"}],"wp:featuredmedia":[{"embeddable":true,"href":"https:\/\/www.messinaoggi.it\/website\/wp-json\/wp\/v2\/media\/177498"}],"wp:attachment":[{"href":"https:\/\/www.messinaoggi.it\/website\/wp-json\/wp\/v2\/media?parent=203333"}],"wp:term":[{"taxonomy":"category","embeddable":true,"href":"https:\/\/www.messinaoggi.it\/website\/wp-json\/wp\/v2\/categories?post=203333"},{"taxonomy":"post_tag","embeddable":true,"href":"https:\/\/www.messinaoggi.it\/website\/wp-json\/wp\/v2\/tags?post=203333"}],"curies":[{"name":"wp","href":"https:\/\/api.w.org\/{rel}","templated":true}]}}