{"id":203316,"date":"2024-07-01T11:08:03","date_gmt":"2024-07-01T09:08:03","guid":{"rendered":"https:\/\/www.messinaoggi.it\/website\/2024\/07\/01\/antisemitismo-sangiuliano-espressione-del-male-condanna-ferma\/"},"modified":"2024-07-01T11:08:03","modified_gmt":"2024-07-01T09:08:03","slug":"antisemitismo-sangiuliano-espressione-del-male-condanna-ferma","status":"publish","type":"post","link":"https:\/\/www.messinaoggi.it\/website\/2024\/07\/01\/antisemitismo-sangiuliano-espressione-del-male-condanna-ferma\/","title":{"rendered":"Antisemitismo, Sangiuliano \u201cEspressione del male, condanna ferma\u201d"},"content":{"rendered":"<div>ROMA (ITALPRESS) &#8211; &#8220;L&#8217;antisemitismo \u00e8 una delle espressioni pi\u00f9 abiette della storia umana, una delle peggiori espressioni del male. Non si finir\u00e0 mai di condannare l&#8217;antisemitismo, con la forza della ragione e del cuore, e di domandarsi come sia possibile che, dopo tanti secoli di storia e tanti orrori, ci siano ancora manifestazioni di tal genere&#8221;. Lo dice in una lettera a Repubblica, il ministro della Cultura, Gennaro Sangiuliano. &#8220;Ignoranza, pregiudizio, amoralit\u00e0 tornano a manifestarsi purtroppo tra i giovani. Per sconfiggere l&#8217;antisemitismo occorre perci\u00f2 lavorare sulla memoria e la cultura. Ed \u00e8 quello che il governo Meloni sta facendo con atti tangibili e concreti&#8221; aggiunge. &#8220;Tutto ci\u00f2 non esime dall&#8217;esprimere una condanna ferma e inequivocabile per quelle gravi manifestazioni di antisemitismo raccontate dai media in questi giorni&#8221; conlcude.(ITALPRESS).<div id=\"div-gpt-ad-Messinaoggi.it-DSK-300x250-corpoart\" style=\"text-align:center;margin:0 auto;\"><\/div><\/p>\n<p>Foto: Agenzia Fotogramma<div id=\"videoincontent\" style=\"clear:both\";><\/div><\/p><\/div>\n","protected":false},"excerpt":{"rendered":"<p>ROMA (ITALPRESS) &#8211; &#8220;L&#8217;antisemitismo \u00e8 una delle espressioni pi\u00f9 abiette della storia umana, una delle peggiori espressioni del male. Non si finir\u00e0 mai di condannare l&#8217;antisemitismo, con la forza della ragione e del cuore, e di domandarsi come sia possibile che, dopo tanti secoli di storia e tanti orrori, ci siano ancora manifestazioni di tal [&hellip;]<\/p>\n","protected":false},"author":18,"featured_media":203317,"comment_status":"closed","ping_status":"closed","sticky":false,"template":"","format":"standard","meta":{"ub_ctt_via":"","_mi_skip_tracking":false},"categories":[446],"tags":[783],"featured_image_src":"https:\/\/www.messinaoggi.it\/website\/wp-content\/uploads\/2024\/07\/20240701_0203.jpg","author_info":{"display_name":"Admin","author_link":"https:\/\/www.messinaoggi.it\/website\/author\/admin\/"},"digistream_id":0,"digistream":false,"_links":{"self":[{"href":"https:\/\/www.messinaoggi.it\/website\/wp-json\/wp\/v2\/posts\/203316"}],"collection":[{"href":"https:\/\/www.messinaoggi.it\/website\/wp-json\/wp\/v2\/posts"}],"about":[{"href":"https:\/\/www.messinaoggi.it\/website\/wp-json\/wp\/v2\/types\/post"}],"author":[{"embeddable":true,"href":"https:\/\/www.messinaoggi.it\/website\/wp-json\/wp\/v2\/users\/18"}],"replies":[{"embeddable":true,"href":"https:\/\/www.messinaoggi.it\/website\/wp-json\/wp\/v2\/comments?post=203316"}],"version-history":[{"count":0,"href":"https:\/\/www.messinaoggi.it\/website\/wp-json\/wp\/v2\/posts\/203316\/revisions"}],"wp:featuredmedia":[{"embeddable":true,"href":"https:\/\/www.messinaoggi.it\/website\/wp-json\/wp\/v2\/media\/203317"}],"wp:attachment":[{"href":"https:\/\/www.messinaoggi.it\/website\/wp-json\/wp\/v2\/media?parent=203316"}],"wp:term":[{"taxonomy":"category","embeddable":true,"href":"https:\/\/www.messinaoggi.it\/website\/wp-json\/wp\/v2\/categories?post=203316"},{"taxonomy":"post_tag","embeddable":true,"href":"https:\/\/www.messinaoggi.it\/website\/wp-json\/wp\/v2\/tags?post=203316"}],"curies":[{"name":"wp","href":"https:\/\/api.w.org\/{rel}","templated":true}]}}