{"id":203263,"date":"2024-06-30T16:08:02","date_gmt":"2024-06-30T14:08:02","guid":{"rendered":"https:\/\/www.messinaoggi.it\/website\/2024\/06\/30\/gravina-avanti-con-spalletti-non-esiste-che-si-chiedano-dimissioni\/"},"modified":"2024-06-30T16:08:02","modified_gmt":"2024-06-30T14:08:02","slug":"gravina-avanti-con-spalletti-non-esiste-che-si-chiedano-dimissioni","status":"publish","type":"post","link":"https:\/\/www.messinaoggi.it\/website\/2024\/06\/30\/gravina-avanti-con-spalletti-non-esiste-che-si-chiedano-dimissioni\/","title":{"rendered":"Gravina \u201cAvanti con Spalletti, non esiste che si chiedano dimissioni\u201d"},"content":{"rendered":"<div>ISERLOHN (GERMANIA) (ITALPRESS) &#8211; Fiducia totale, nonostante un risultato negativo. Il presidente della Figc Gabriele Gravina \u00e8 stato chiaro durante la conferenza stampa all&#8217;indomani dell&#8217;eliminazione da Euro2024, non si cambia, si va avanti con Luciano Spalletti: &#8220;Non ho la cultura di scappare, il senso di responsabilit\u00e0 implica un senso di lucidit\u00e0. Questo \u00e8 un progetto pluriennale nel quale \u00e8 centrale un allenatore che \u00e8 subentrato da circa 9 mesi, in un panorama che vede poco pi\u00f9 di 100 giocatori selezionabili. Sapete benissimo qual \u00e8 l&#8217;indirizzo generale che oggi emerge &#8211; ha ribadito -, bisogna continuare a lavorare. Spalletti ha la nostra fiducia, tra 60 giorni inizia un nuovo percorso&#8221;, riferendosi alla nuova Nations League 2024-2025. Niente dimissioni, al di l\u00e0 dei problemi strutturali che comunque rimangono: &#8220;In 60 giorni non possiamo pensare che possano fiorire i Mbapp\u00e8 o i Messi. Serve la politica della valorizzazione del talento&#8221;. Gravina arriver\u00e0 dunque a fine mandato, alla prima data utile ci saranno le nuove elezioni, tralasciando dunque le richieste di dimissioni arrivate dall&#8217;esterno. &#8220;Le critiche feriscono tutti, bisogna avere la capacit\u00e0 di prenderne spunto per migliorare e crescere, le critiche costruttive, legittimate da elementi fondati bisogna prenderle in considerazione. Dobbiamo essere chiari, per\u00f2, su alcuni passaggi, non esiste nell&#8217;ambito di una governance federale l&#8217;idea che qualcuno possa pretendere dall&#8217;esterno le dimissioni, vale per la politica e per tutti coloro che come prima reazione chiedono che Gravina o Spalletti si dimettano. Per quanto mi riguarda la scadenza \u00e8 prevista a marzo del 2025, alla prima data utile andremo ad un confronto democratico, quella \u00e8 l&#8217;unica sede deputata democraticamente a scegliere una governance&#8221;. Alla domanda relativa alla delusione riguardo al gruppo azzurro Gravina ha risposto: &#8220;I ragazzi erano delusi e mortificati, ma la delusione pi\u00f9 grande \u00e8 stata quella di non essere riusciti a manifestare in termini concreti i grandi sacrifici che hanno fatto. Sono deluso per la prestazione, questi ragazzi sono il bagaglio sul quale dobbiamo continuare ad investire, sfido chiunque a trovare soluzioni alternative. E&#8217; chiaro che non voglio buttare via tutto il lavoro fatto, i ragazzi hanno bisogno di essere tenuti in grande considerazione per quello che hanno dato&#8221;.<br \/>&#8211; Foto Ipa Agency &#8211;<br \/>(ITALPRESS)<\/div>\n<div id=\"div-gpt-ad-Messinaoggi.it-DSK-300x250-corpoart\" style=\"text-align:center;margin:0 auto;\"><\/div><\/p><div id=\"videoincontent\" style=\"clear:both\";><\/div>","protected":false},"excerpt":{"rendered":"<p>ISERLOHN (GERMANIA) (ITALPRESS) &#8211; Fiducia totale, nonostante un risultato negativo. Il presidente della Figc Gabriele Gravina \u00e8 stato chiaro durante la conferenza stampa all&#8217;indomani dell&#8217;eliminazione da Euro2024, non si cambia, si va avanti con Luciano Spalletti: &#8220;Non ho la cultura di scappare, il senso di responsabilit\u00e0 implica un senso di lucidit\u00e0. Questo \u00e8 un progetto [&hellip;]<\/p>\n","protected":false},"author":18,"featured_media":203264,"comment_status":"closed","ping_status":"closed","sticky":false,"template":"","format":"standard","meta":{"ub_ctt_via":"","_mi_skip_tracking":false},"categories":[446],"tags":[783],"featured_image_src":"https:\/\/www.messinaoggi.it\/website\/wp-content\/uploads\/2024\/06\/20240630_0278.jpg","author_info":{"display_name":"Admin","author_link":"https:\/\/www.messinaoggi.it\/website\/author\/admin\/"},"digistream_id":0,"digistream":false,"_links":{"self":[{"href":"https:\/\/www.messinaoggi.it\/website\/wp-json\/wp\/v2\/posts\/203263"}],"collection":[{"href":"https:\/\/www.messinaoggi.it\/website\/wp-json\/wp\/v2\/posts"}],"about":[{"href":"https:\/\/www.messinaoggi.it\/website\/wp-json\/wp\/v2\/types\/post"}],"author":[{"embeddable":true,"href":"https:\/\/www.messinaoggi.it\/website\/wp-json\/wp\/v2\/users\/18"}],"replies":[{"embeddable":true,"href":"https:\/\/www.messinaoggi.it\/website\/wp-json\/wp\/v2\/comments?post=203263"}],"version-history":[{"count":0,"href":"https:\/\/www.messinaoggi.it\/website\/wp-json\/wp\/v2\/posts\/203263\/revisions"}],"wp:featuredmedia":[{"embeddable":true,"href":"https:\/\/www.messinaoggi.it\/website\/wp-json\/wp\/v2\/media\/203264"}],"wp:attachment":[{"href":"https:\/\/www.messinaoggi.it\/website\/wp-json\/wp\/v2\/media?parent=203263"}],"wp:term":[{"taxonomy":"category","embeddable":true,"href":"https:\/\/www.messinaoggi.it\/website\/wp-json\/wp\/v2\/categories?post=203263"},{"taxonomy":"post_tag","embeddable":true,"href":"https:\/\/www.messinaoggi.it\/website\/wp-json\/wp\/v2\/tags?post=203263"}],"curies":[{"name":"wp","href":"https:\/\/api.w.org\/{rel}","templated":true}]}}