{"id":203250,"date":"2024-06-30T12:08:04","date_gmt":"2024-06-30T10:08:04","guid":{"rendered":"https:\/\/www.messinaoggi.it\/website\/2024\/06\/30\/premio-ischia-45ma-edizione-si-conclude-con-ricordo-di-franco-di-mare\/"},"modified":"2024-06-30T12:08:04","modified_gmt":"2024-06-30T10:08:04","slug":"premio-ischia-45ma-edizione-si-conclude-con-ricordo-di-franco-di-mare","status":"publish","type":"post","link":"https:\/\/www.messinaoggi.it\/website\/2024\/06\/30\/premio-ischia-45ma-edizione-si-conclude-con-ricordo-di-franco-di-mare\/","title":{"rendered":"Premio Ischia, 45ma edizione si conclude con ricordo di Franco Di Mare"},"content":{"rendered":"<div>ISCHIA (NAPOLI) (ITALPRESS) &#8211; Il magico scenario di Villa Arbusto ha fatto da cornice alla serata di premiazione della 45^ edizione del Premio Ischia di giornalismo condotta dal giornalista, Alessio Lasta.<br \/>A salire sul palco per ricevere il Premio Ischia come giornalista dell&#8217;anno, Aldo Cazzullo, vicedirettore del Corriere della Sera e autore della trasmissione televisiva &#8220;Una giornata particolare&#8221;, premiato dal consigliere per le relazioni esterne dell&#8217;Aci, Ludovico Fois.<br \/>Monica Giandotti (Linea notte Tg3) ha ricevuto il Premio Ischia per la Tv consegnatole da Valeria Speroni Cardi, direttrice relazioni media di Menarini.<br \/>Il premio Ischia per l&#8217;informazione sportiva, \u00e8 stato consegnato dal presidente dell&#8217;Istituto per il Credito Sportivo, Beniamino Quinteri a  Elena Pero (Sky sport)<br \/>Il premio Internazionale \u00e8 andato, invece, a Amy Khazim del Financial Times premiata dal direttore generale per le Politiche Culturali e il Turismo della Regione Campania, Rosanna Romano.<br \/>Da quest&#8217;anno la Fondazione Premio Ischia ha reintrodotto la sezione dedicata alle agenzie di stampa, per il ruolo sempre pi\u00f9 centrale che svolgono nel panorama dell&#8217;informazione nazionale ed internazionale. Il riconoscimento \u00e8 andato a Radiocor che ha appena festeggiato i 70 anni di attivit\u00e0 a ritirare il Premio, consegnato da Stefano Porro, direttore affari Istituzionali e Relazioni Esterne di Mundys, Massimo Lupoi e Isabella Tasso, caporedattori della testata.<br \/>La coinvolgente e appassionata voce di Tosca ha fatto da cornice alla cerimonia di premiazione dove in chiusura \u00e8 stato dedicato un commosso e partecipato ricordo a Franco Di Mare per molti anni presentatore del Premio Ischia.<br \/>Da sempre il Premio Ischia punta a scandagliare nuove forme di comunicazione e nuovi ambiti di applicazione, in questa direzione vanno il premio alla &#8220;Comunicazione Sostenibile&#8221; promosso da A2A \u00e8 consegnato da Carlotta Ventura, direttrice comunicazione, sostenibilit\u00e0 e affari regionali di A2A a Riccardo Luna, editorialista di Repubblica e direttore di Green&amp;Blue.<br \/>Il premio Opening New Ways of Journalism, assegnato dal Gruppo Unipol,  \u00e8 stato invece consegnato a Fjona Cakalli, blogger, conduttrice TV, divulgatrice, tech influencer e conduttrice Rai da Vittorio Verdone, direttore comunicazione Gruppo Unipol<br \/>Il premio \u00e8 patrocinato dalla Regione Campania, dal Comune di Lacco Ameno d&#8217;Ischia, dall&#8217;Istituto per il Credito Sportivo e dalla Siae, con il contributo dell&#8217;ACI &#8211; Automobil Club Italia -, Gruppo Unipol, Gruppo Menarini, da Mundys e da A2A Life Company. Media Partner della manifestazione SKYTG24, ItalPress e Data Stampa.<div id=\"div-gpt-ad-Messinaoggi.it-DSK-300x250-corpoart\" style=\"text-align:center;margin:0 auto;\"><\/div><\/p>\n<p>Fonte foto ufficio stampa Premio Ischia<br \/>(ITALPRESS).<\/div>\n<div id=\"videoincontent\" style=\"clear:both\";><\/div>","protected":false},"excerpt":{"rendered":"<p>ISCHIA (NAPOLI) (ITALPRESS) &#8211; Il magico scenario di Villa Arbusto ha fatto da cornice alla serata di premiazione della 45^ edizione del Premio Ischia di giornalismo condotta dal giornalista, Alessio Lasta.A salire sul palco per ricevere il Premio Ischia come giornalista dell&#8217;anno, Aldo Cazzullo, vicedirettore del Corriere della Sera e autore della trasmissione televisiva &#8220;Una [&hellip;]<\/p>\n","protected":false},"author":18,"featured_media":203251,"comment_status":"closed","ping_status":"closed","sticky":false,"template":"","format":"standard","meta":{"ub_ctt_via":"","_mi_skip_tracking":false},"categories":[446],"tags":[783],"featured_image_src":"https:\/\/www.messinaoggi.it\/website\/wp-content\/uploads\/2024\/06\/20240630_0101.jpg","author_info":{"display_name":"Admin","author_link":"https:\/\/www.messinaoggi.it\/website\/author\/admin\/"},"digistream_id":0,"digistream":false,"_links":{"self":[{"href":"https:\/\/www.messinaoggi.it\/website\/wp-json\/wp\/v2\/posts\/203250"}],"collection":[{"href":"https:\/\/www.messinaoggi.it\/website\/wp-json\/wp\/v2\/posts"}],"about":[{"href":"https:\/\/www.messinaoggi.it\/website\/wp-json\/wp\/v2\/types\/post"}],"author":[{"embeddable":true,"href":"https:\/\/www.messinaoggi.it\/website\/wp-json\/wp\/v2\/users\/18"}],"replies":[{"embeddable":true,"href":"https:\/\/www.messinaoggi.it\/website\/wp-json\/wp\/v2\/comments?post=203250"}],"version-history":[{"count":0,"href":"https:\/\/www.messinaoggi.it\/website\/wp-json\/wp\/v2\/posts\/203250\/revisions"}],"wp:featuredmedia":[{"embeddable":true,"href":"https:\/\/www.messinaoggi.it\/website\/wp-json\/wp\/v2\/media\/203251"}],"wp:attachment":[{"href":"https:\/\/www.messinaoggi.it\/website\/wp-json\/wp\/v2\/media?parent=203250"}],"wp:term":[{"taxonomy":"category","embeddable":true,"href":"https:\/\/www.messinaoggi.it\/website\/wp-json\/wp\/v2\/categories?post=203250"},{"taxonomy":"post_tag","embeddable":true,"href":"https:\/\/www.messinaoggi.it\/website\/wp-json\/wp\/v2\/tags?post=203250"}],"curies":[{"name":"wp","href":"https:\/\/api.w.org\/{rel}","templated":true}]}}