{"id":203238,"date":"2024-06-30T00:08:03","date_gmt":"2024-06-29T22:08:03","guid":{"rendered":"https:\/\/www.messinaoggi.it\/website\/2024\/06\/30\/segre-dovro-ancora-essere-cacciata-dal-mio-paese\/"},"modified":"2024-06-30T00:08:03","modified_gmt":"2024-06-29T22:08:03","slug":"segre-dovro-ancora-essere-cacciata-dal-mio-paese","status":"publish","type":"post","link":"https:\/\/www.messinaoggi.it\/website\/2024\/06\/30\/segre-dovro-ancora-essere-cacciata-dal-mio-paese\/","title":{"rendered":"Segre \u201cDovr\u00f2 ancora essere cacciata dal mio Paese?\u201d"},"content":{"rendered":"<div>ROMA (ITALPRESS) &#8211; &#8220;Credo che queste derive, chiamiamole derive, che sono venute fuori in quest&#8217;ultima settimana cos\u00ec in modo eclatante ci siano sempre state, nascoste, non esibite, ma che in parte ci siano sempre state e che con questo governo si approfitti di questo potere grande della destra, che del resto \u00e8 stata votata non \u00e8 che \u00e8 rivoluzionaria, non ci si vegogni pi\u00f9 di nulla. Ho seguito nelle varie trasmissioni questa seduta chiamiamola cos\u00ec inneggiante anche a &#8216;sieg heil&#8217;, a questi moti nazisti che purtroppo io ricordo in modo diretto. Ora alla mia et\u00e0 dovr\u00f2 rivedere ancora questo, dovr\u00f2 essere cacciata dal mio Paese come sono gi\u00e0 stata una volta?&#8221;. Cos\u00ec la senatrice a vita Liliana Segre, ospite a In Onda su La7 nella puntata di questa sera, in merito all&#8217;inchiesta di Fanpage. &#8220;E&#8217; una domanda provocatoria&#8221;, le chiede la giornalista Marianna Aprile. &#8220;E&#8217; una domanda che \u00e8 una risposta&#8221;, ha aggiunto Segre.<br \/>(ITALPRESS).<br \/>&#8211; Foto: Agenzia Fotogramma &#8211;<\/div>\n<div id=\"div-gpt-ad-Messinaoggi.it-DSK-300x250-corpoart\" style=\"text-align:center;margin:0 auto;\"><\/div><\/p><div id=\"videoincontent\" style=\"clear:both\";><\/div>","protected":false},"excerpt":{"rendered":"<p>ROMA (ITALPRESS) &#8211; &#8220;Credo che queste derive, chiamiamole derive, che sono venute fuori in quest&#8217;ultima settimana cos\u00ec in modo eclatante ci siano sempre state, nascoste, non esibite, ma che in parte ci siano sempre state e che con questo governo si approfitti di questo potere grande della destra, che del resto \u00e8 stata votata non [&hellip;]<\/p>\n","protected":false},"author":18,"featured_media":203239,"comment_status":"closed","ping_status":"closed","sticky":false,"template":"","format":"standard","meta":{"ub_ctt_via":"","_mi_skip_tracking":false},"categories":[446],"tags":[783],"featured_image_src":"https:\/\/www.messinaoggi.it\/website\/wp-content\/uploads\/2024\/06\/20240629_1325.jpg","author_info":{"display_name":"Admin","author_link":"https:\/\/www.messinaoggi.it\/website\/author\/admin\/"},"digistream_id":0,"digistream":false,"_links":{"self":[{"href":"https:\/\/www.messinaoggi.it\/website\/wp-json\/wp\/v2\/posts\/203238"}],"collection":[{"href":"https:\/\/www.messinaoggi.it\/website\/wp-json\/wp\/v2\/posts"}],"about":[{"href":"https:\/\/www.messinaoggi.it\/website\/wp-json\/wp\/v2\/types\/post"}],"author":[{"embeddable":true,"href":"https:\/\/www.messinaoggi.it\/website\/wp-json\/wp\/v2\/users\/18"}],"replies":[{"embeddable":true,"href":"https:\/\/www.messinaoggi.it\/website\/wp-json\/wp\/v2\/comments?post=203238"}],"version-history":[{"count":0,"href":"https:\/\/www.messinaoggi.it\/website\/wp-json\/wp\/v2\/posts\/203238\/revisions"}],"wp:featuredmedia":[{"embeddable":true,"href":"https:\/\/www.messinaoggi.it\/website\/wp-json\/wp\/v2\/media\/203239"}],"wp:attachment":[{"href":"https:\/\/www.messinaoggi.it\/website\/wp-json\/wp\/v2\/media?parent=203238"}],"wp:term":[{"taxonomy":"category","embeddable":true,"href":"https:\/\/www.messinaoggi.it\/website\/wp-json\/wp\/v2\/categories?post=203238"},{"taxonomy":"post_tag","embeddable":true,"href":"https:\/\/www.messinaoggi.it\/website\/wp-json\/wp\/v2\/tags?post=203238"}],"curies":[{"name":"wp","href":"https:\/\/api.w.org\/{rel}","templated":true}]}}