{"id":203232,"date":"2024-06-29T22:08:03","date_gmt":"2024-06-29T20:08:03","guid":{"rendered":"https:\/\/www.messinaoggi.it\/website\/2024\/06\/29\/bardet-vince-1-tappa-al-tour-in-italia-e-indossa-la-maglia-gialla\/"},"modified":"2024-06-29T22:08:03","modified_gmt":"2024-06-29T20:08:03","slug":"bardet-vince-1-tappa-al-tour-in-italia-e-indossa-la-maglia-gialla","status":"publish","type":"post","link":"https:\/\/www.messinaoggi.it\/website\/2024\/06\/29\/bardet-vince-1-tappa-al-tour-in-italia-e-indossa-la-maglia-gialla\/","title":{"rendered":"Bardet vince 1^ tappa al Tour in Italia e indossa la maglia gialla"},"content":{"rendered":"<div>RIMINI (ITALPRESS) &#8211; Romain Bardet \u00e8 la prima maglia gialla del Tour de France numero 111, partito per la prima volta nella sua storia dall&#8217;Italia. Il francese della dsm-firmenich PostNL si \u00e8 imposto a Rimini precedendo, in un arrivo a due, il compagno di squadra Frank van den Broek. Per Bardet si tratta della quarta tappa del Tour vinta in carriera, dopo quelle del 2015, 2016, 2017. &#8220;Io e il mio compagno siamo andati forte, abbiamo fatto un lavoro eccezionale &#8211; ha detto Bardet -. E&#8217; stata una tappa folle, velocissima, vento in faccia e caldo forte. Non mi sarei mai immaginato di vincere, non ho pi\u00f9 parole&#8221;. E&#8217; stato l&#8217;olandese a lasciarlo passare in prossimit\u00e0 dell&#8217;arrivo mentre il gruppo dietro stava rinvenendo sui fuggitivi. I 206 chilometri della tappa si sono rivelati molto impegnativi con 3600 metri dislivello. Tutto ci\u00f2 non ha per\u00f2 spaventato Bardet che con impegno e un passo costante \u00e8 riuscito nel finale a difendere il vantaggio accumulato ed evitare la rimonta del gruppo che a poche centinaia di metri sembrava poter essere in grado di rimontare. Quarto Tadej Pogacar (UAE Team Emirates), settimo Mads Pedersen (Lidl-Trek), ottavo Remco Evenepoel (Soudal Quick-Step). Da segnalare il decimo posto dell&#8217;azzurro Alberto Bettiol (Ef Educazione &#8211; Easypost), mentre un altro italiano, Michele Gazzoli (Astana Qazaqstan Team), \u00e8 stato il primo ritirato. Al fianco di Mark Cavendish in una giornata difficile, il corridore italiano saluta la Grande Boucle a 90 chilometri dalla conclusione dopo una giornata di grande fatica. Domani in programma la seconda tappa che vedr\u00e0 i ciclisti partire da Cesenatico (in memoria di Marco Pantani) per raggiungere Bologna attraverso un percorso collinare di 199,2 chilometri con un dislivello 1850 metri.<br \/>&#8211; Foto: Ipa Agency &#8211;<br \/>(ITALPRESS).<\/div>\n<div id=\"div-gpt-ad-Messinaoggi.it-DSK-300x250-corpoart\" style=\"text-align:center;margin:0 auto;\"><\/div><\/p><div id=\"videoincontent\" style=\"clear:both\";><\/div>","protected":false},"excerpt":{"rendered":"<p>RIMINI (ITALPRESS) &#8211; Romain Bardet \u00e8 la prima maglia gialla del Tour de France numero 111, partito per la prima volta nella sua storia dall&#8217;Italia. Il francese della dsm-firmenich PostNL si \u00e8 imposto a Rimini precedendo, in un arrivo a due, il compagno di squadra Frank van den Broek. Per Bardet si tratta della quarta [&hellip;]<\/p>\n","protected":false},"author":18,"featured_media":203233,"comment_status":"closed","ping_status":"closed","sticky":false,"template":"","format":"standard","meta":{"ub_ctt_via":"","_mi_skip_tracking":false},"categories":[446],"tags":[783],"featured_image_src":"https:\/\/www.messinaoggi.it\/website\/wp-content\/uploads\/2024\/06\/20240629_1197.jpg","author_info":{"display_name":"Admin","author_link":"https:\/\/www.messinaoggi.it\/website\/author\/admin\/"},"digistream_id":0,"digistream":false,"_links":{"self":[{"href":"https:\/\/www.messinaoggi.it\/website\/wp-json\/wp\/v2\/posts\/203232"}],"collection":[{"href":"https:\/\/www.messinaoggi.it\/website\/wp-json\/wp\/v2\/posts"}],"about":[{"href":"https:\/\/www.messinaoggi.it\/website\/wp-json\/wp\/v2\/types\/post"}],"author":[{"embeddable":true,"href":"https:\/\/www.messinaoggi.it\/website\/wp-json\/wp\/v2\/users\/18"}],"replies":[{"embeddable":true,"href":"https:\/\/www.messinaoggi.it\/website\/wp-json\/wp\/v2\/comments?post=203232"}],"version-history":[{"count":0,"href":"https:\/\/www.messinaoggi.it\/website\/wp-json\/wp\/v2\/posts\/203232\/revisions"}],"wp:featuredmedia":[{"embeddable":true,"href":"https:\/\/www.messinaoggi.it\/website\/wp-json\/wp\/v2\/media\/203233"}],"wp:attachment":[{"href":"https:\/\/www.messinaoggi.it\/website\/wp-json\/wp\/v2\/media?parent=203232"}],"wp:term":[{"taxonomy":"category","embeddable":true,"href":"https:\/\/www.messinaoggi.it\/website\/wp-json\/wp\/v2\/categories?post=203232"},{"taxonomy":"post_tag","embeddable":true,"href":"https:\/\/www.messinaoggi.it\/website\/wp-json\/wp\/v2\/tags?post=203232"}],"curies":[{"name":"wp","href":"https:\/\/api.w.org\/{rel}","templated":true}]}}