{"id":203226,"date":"2024-06-29T20:08:02","date_gmt":"2024-06-29T18:08:02","guid":{"rendered":"https:\/\/www.messinaoggi.it\/website\/2024\/06\/29\/pride-schlein-con-governo-meloni-italia-perso-posizioni-su-diritti\/"},"modified":"2024-06-29T20:08:02","modified_gmt":"2024-06-29T18:08:02","slug":"pride-schlein-con-governo-meloni-italia-perso-posizioni-su-diritti","status":"publish","type":"post","link":"https:\/\/www.messinaoggi.it\/website\/2024\/06\/29\/pride-schlein-con-governo-meloni-italia-perso-posizioni-su-diritti\/","title":{"rendered":"Pride, Schlein \u201cCon governo Meloni Italia perso posizioni su diritti\u201d"},"content":{"rendered":"<div>MILANO (ITALPRESS) &#8211; &#8220;Durante questo anno e mezzo di governo Meloni l&#8217;Italia \u00e8 scivolata alla 36eiesima posizione su 48 nella classifica sui diritti Lgbt. Non lo possiamo accettare, vogliamo portare l&#8217;Italia nel futuro e pienamente in Europa&#8221;. Cos\u00ec la segretaria del Pd, Elly Schlein, a margine del Pride Milano. &#8220;Vogliamo il matrimonio equalitario &#8211; ha proseguito &#8211; perch\u00e8 l&#8217;amore non si discrimina e non lasceremo decidere alla destra chi abbiamo il diritto di amare. Serve una legge per non lasciare soli i sindaci sul riconoscimento delle coppie omogenitoriali&#8221;. La segretaria dem ha poi sottolineato che &#8220;sar\u00e0 anche oggi una giornata di partecipazione per i diritti di tutti, per i diritti Lgbtq che sono fondamentali e come tali vanno riconosciuti&#8221;. &#8220;Ci sono 7 parate oggi, \u00e8 una giornata di orgoglio e di visibilit\u00e0 per le battaglie dei diritti, a partire da quello per una legge contro la omobilesbotransfobia&#8221; perch\u00e8 &#8220;continua a essercene bisogno davanti alle tante e troppe aggressioni e discriminazioni che queste persone vivono ogni giorno&#8221;, ha concluso. (ITALPRESS).<div id=\"div-gpt-ad-Messinaoggi.it-DSK-300x250-corpoart\" style=\"text-align:center;margin:0 auto;\"><\/div><\/p>\n<p>Foto: xm4<div id=\"videoincontent\" style=\"clear:both\";><\/div><\/p><\/div>\n","protected":false},"excerpt":{"rendered":"<p>MILANO (ITALPRESS) &#8211; &#8220;Durante questo anno e mezzo di governo Meloni l&#8217;Italia \u00e8 scivolata alla 36eiesima posizione su 48 nella classifica sui diritti Lgbt. Non lo possiamo accettare, vogliamo portare l&#8217;Italia nel futuro e pienamente in Europa&#8221;. Cos\u00ec la segretaria del Pd, Elly Schlein, a margine del Pride Milano. &#8220;Vogliamo il matrimonio equalitario &#8211; ha [&hellip;]<\/p>\n","protected":false},"author":18,"featured_media":203227,"comment_status":"closed","ping_status":"closed","sticky":false,"template":"","format":"standard","meta":{"ub_ctt_via":"","_mi_skip_tracking":false},"categories":[446],"tags":[783],"featured_image_src":"https:\/\/www.messinaoggi.it\/website\/wp-content\/uploads\/2024\/06\/20240629_1087.jpg","author_info":{"display_name":"Admin","author_link":"https:\/\/www.messinaoggi.it\/website\/author\/admin\/"},"digistream_id":0,"digistream":false,"_links":{"self":[{"href":"https:\/\/www.messinaoggi.it\/website\/wp-json\/wp\/v2\/posts\/203226"}],"collection":[{"href":"https:\/\/www.messinaoggi.it\/website\/wp-json\/wp\/v2\/posts"}],"about":[{"href":"https:\/\/www.messinaoggi.it\/website\/wp-json\/wp\/v2\/types\/post"}],"author":[{"embeddable":true,"href":"https:\/\/www.messinaoggi.it\/website\/wp-json\/wp\/v2\/users\/18"}],"replies":[{"embeddable":true,"href":"https:\/\/www.messinaoggi.it\/website\/wp-json\/wp\/v2\/comments?post=203226"}],"version-history":[{"count":0,"href":"https:\/\/www.messinaoggi.it\/website\/wp-json\/wp\/v2\/posts\/203226\/revisions"}],"wp:featuredmedia":[{"embeddable":true,"href":"https:\/\/www.messinaoggi.it\/website\/wp-json\/wp\/v2\/media\/203227"}],"wp:attachment":[{"href":"https:\/\/www.messinaoggi.it\/website\/wp-json\/wp\/v2\/media?parent=203226"}],"wp:term":[{"taxonomy":"category","embeddable":true,"href":"https:\/\/www.messinaoggi.it\/website\/wp-json\/wp\/v2\/categories?post=203226"},{"taxonomy":"post_tag","embeddable":true,"href":"https:\/\/www.messinaoggi.it\/website\/wp-json\/wp\/v2\/tags?post=203226"}],"curies":[{"name":"wp","href":"https:\/\/api.w.org\/{rel}","templated":true}]}}