{"id":203212,"date":"2024-06-29T16:08:06","date_gmt":"2024-06-29T14:08:06","guid":{"rendered":"https:\/\/www.messinaoggi.it\/website\/2024\/06\/29\/verstappen-si-prende-la-sprint-in-austria-davanti-alle-mclaren\/"},"modified":"2024-06-29T16:08:06","modified_gmt":"2024-06-29T14:08:06","slug":"verstappen-si-prende-la-sprint-in-austria-davanti-alle-mclaren","status":"publish","type":"post","link":"https:\/\/www.messinaoggi.it\/website\/2024\/06\/29\/verstappen-si-prende-la-sprint-in-austria-davanti-alle-mclaren\/","title":{"rendered":"Verstappen si prende la Sprint in Austria davanti alle McLaren"},"content":{"rendered":"<div>SPIELBERG (AUSTRIA) (ITALPRESS) &#8211; Il campione del mondo, Max<br \/>Verstappen ha vinto la Gara Sprint del Gran Premio d&#8217;Austria. Sul circuito di casa della Red Bull, l&#8217;olandese ha combattuto in avvio con le McLaren di Oscar Piastri e Lando Norris, poi \u00e8 andato via e ha chiuso senza problemi. Quarto posto per la Mercedes di George Russell, quinto Carlos Sainz con la sua Ferrari. Sesto Lewis Hamilton con la Mercedes, quindi l&#8217;altro ferrarista Charles Leclerc davanti a Sergio Perez (Red Bull). Chiudono la top ten Kevin Magnussen (Haas), nono, e Lance Stroll (Aston Martin), decimo. &#8220;E&#8217; stata una vittoria emozionante, in partenza c&#8217;\u00e8 stata battaglia poi ho fatto la mia gara. Le McLaren hanno due macchine che vanno forte, attaccano e si \u00e8 visto. Anche domani, con una gara pi\u00f9 lunga, con gomme che si consumano di pi\u00f9, bisogner\u00e0 vedere come sar\u00e0 la corsa. In pratica domani sar\u00e0 un&#8217;altra dura battaglia ed io cercher\u00f2 di gestire la gara&#8221;, ha commentato Verstappen. Alle 16, sul circuito austriaco, sono in programma le qualifiche in vista della gara lunga.  <br \/>&#8211; Foto Ipa Agency &#8211;<br \/>(ITALPRESS).<\/div>\n<div id=\"div-gpt-ad-Messinaoggi.it-DSK-300x250-corpoart\" style=\"text-align:center;margin:0 auto;\"><\/div><\/p><div id=\"videoincontent\" style=\"clear:both\";><\/div>","protected":false},"excerpt":{"rendered":"<p>SPIELBERG (AUSTRIA) (ITALPRESS) &#8211; Il campione del mondo, MaxVerstappen ha vinto la Gara Sprint del Gran Premio d&#8217;Austria. Sul circuito di casa della Red Bull, l&#8217;olandese ha combattuto in avvio con le McLaren di Oscar Piastri e Lando Norris, poi \u00e8 andato via e ha chiuso senza problemi. Quarto posto per la Mercedes di George [&hellip;]<\/p>\n","protected":false},"author":18,"featured_media":203213,"comment_status":"closed","ping_status":"closed","sticky":false,"template":"","format":"standard","meta":{"ub_ctt_via":"","_mi_skip_tracking":false},"categories":[446],"tags":[783],"featured_image_src":"https:\/\/www.messinaoggi.it\/website\/wp-content\/uploads\/2024\/06\/20240629_0619.jpg","author_info":{"display_name":"Admin","author_link":"https:\/\/www.messinaoggi.it\/website\/author\/admin\/"},"digistream_id":0,"digistream":false,"_links":{"self":[{"href":"https:\/\/www.messinaoggi.it\/website\/wp-json\/wp\/v2\/posts\/203212"}],"collection":[{"href":"https:\/\/www.messinaoggi.it\/website\/wp-json\/wp\/v2\/posts"}],"about":[{"href":"https:\/\/www.messinaoggi.it\/website\/wp-json\/wp\/v2\/types\/post"}],"author":[{"embeddable":true,"href":"https:\/\/www.messinaoggi.it\/website\/wp-json\/wp\/v2\/users\/18"}],"replies":[{"embeddable":true,"href":"https:\/\/www.messinaoggi.it\/website\/wp-json\/wp\/v2\/comments?post=203212"}],"version-history":[{"count":0,"href":"https:\/\/www.messinaoggi.it\/website\/wp-json\/wp\/v2\/posts\/203212\/revisions"}],"wp:featuredmedia":[{"embeddable":true,"href":"https:\/\/www.messinaoggi.it\/website\/wp-json\/wp\/v2\/media\/203213"}],"wp:attachment":[{"href":"https:\/\/www.messinaoggi.it\/website\/wp-json\/wp\/v2\/media?parent=203212"}],"wp:term":[{"taxonomy":"category","embeddable":true,"href":"https:\/\/www.messinaoggi.it\/website\/wp-json\/wp\/v2\/categories?post=203212"},{"taxonomy":"post_tag","embeddable":true,"href":"https:\/\/www.messinaoggi.it\/website\/wp-json\/wp\/v2\/tags?post=203212"}],"curies":[{"name":"wp","href":"https:\/\/api.w.org\/{rel}","templated":true}]}}