{"id":203206,"date":"2024-06-29T14:08:02","date_gmt":"2024-06-29T12:08:02","guid":{"rendered":"https:\/\/www.messinaoggi.it\/website\/2024\/06\/29\/strage-viareggio-mattarella-sicurezza-trasporti-indicatore-di-civilta\/"},"modified":"2024-06-29T14:08:02","modified_gmt":"2024-06-29T12:08:02","slug":"strage-viareggio-mattarella-sicurezza-trasporti-indicatore-di-civilta","status":"publish","type":"post","link":"https:\/\/www.messinaoggi.it\/website\/2024\/06\/29\/strage-viareggio-mattarella-sicurezza-trasporti-indicatore-di-civilta\/","title":{"rendered":"Strage Viareggio, Mattarella \u201cSicurezza trasporti indicatore di civilt\u00e0\u201d"},"content":{"rendered":"<div>ROMA (ITALPRESS) &#8211; &#8220;La notte del 29 giugno 2009, Viareggio venne ferita dalle conseguenze di un disastro ferroviario che, oggi come allora, ci appare inaccettabile. Le immagini e la memoria di quella tragedia restano incancellabili. Nel quindicesimo anniversario, la Repubblica \u00e8 vicina ai familiari che videro i loro cari inaspettatamente strappati alla vita e che, nel dolore, seppero avviare un percorso civile per accertare le responsabilit\u00e0 di quanto accaduto e per promuovere, ovunque, maggiore sicurezza nei trasporti. Le reti infrastrutturali, e tra queste le ferrovie, sono condizione essenziale per la vita e lo sviluppo economico del Paese. La sicurezza \u00e8 un presupposto irrinunciabile, oltre a essere un diritto primario di cittadini e utenti. Non si pu\u00f2 derogare agli standard acquisiti, anzi il livello della sicurezza va elevato tramite controlli e tecnologie pi\u00f9 efficaci e una crescita generale di consapevolezza.<br \/>\nLa sicurezza nei trasporti, come quella sul lavoro, \u00e8 un indicatore di civilt\u00e0 che deve prevalere su qualsiasi logica di profitto, perch\u00e8 incide sulla vita delle persone. E&#8217; questa una lezione che mai deve essere dimenticata&#8221;. Lo dichiara il Presidente della Repubblica, Sergio Mattarella, in occasione dell&#8217;anniversario della Strage di Viareggio.(ITALPRESS).<div id=\"div-gpt-ad-Messinaoggi.it-DSK-300x250-corpoart\" style=\"text-align:center;margin:0 auto;\"><\/div><\/p>\n<p>Foto: Agenzia Fotogramma<div id=\"videoincontent\" style=\"clear:both\";><\/div><\/p><\/div>\n","protected":false},"excerpt":{"rendered":"<p>ROMA (ITALPRESS) &#8211; &#8220;La notte del 29 giugno 2009, Viareggio venne ferita dalle conseguenze di un disastro ferroviario che, oggi come allora, ci appare inaccettabile. Le immagini e la memoria di quella tragedia restano incancellabili. Nel quindicesimo anniversario, la Repubblica \u00e8 vicina ai familiari che videro i loro cari inaspettatamente strappati alla vita e che, [&hellip;]<\/p>\n","protected":false},"author":18,"featured_media":203207,"comment_status":"closed","ping_status":"closed","sticky":false,"template":"","format":"standard","meta":{"ub_ctt_via":"","_mi_skip_tracking":false},"categories":[446],"tags":[783],"featured_image_src":"https:\/\/www.messinaoggi.it\/website\/wp-content\/uploads\/2024\/06\/20240629_0358.jpg","author_info":{"display_name":"Admin","author_link":"https:\/\/www.messinaoggi.it\/website\/author\/admin\/"},"digistream_id":0,"digistream":false,"_links":{"self":[{"href":"https:\/\/www.messinaoggi.it\/website\/wp-json\/wp\/v2\/posts\/203206"}],"collection":[{"href":"https:\/\/www.messinaoggi.it\/website\/wp-json\/wp\/v2\/posts"}],"about":[{"href":"https:\/\/www.messinaoggi.it\/website\/wp-json\/wp\/v2\/types\/post"}],"author":[{"embeddable":true,"href":"https:\/\/www.messinaoggi.it\/website\/wp-json\/wp\/v2\/users\/18"}],"replies":[{"embeddable":true,"href":"https:\/\/www.messinaoggi.it\/website\/wp-json\/wp\/v2\/comments?post=203206"}],"version-history":[{"count":0,"href":"https:\/\/www.messinaoggi.it\/website\/wp-json\/wp\/v2\/posts\/203206\/revisions"}],"wp:featuredmedia":[{"embeddable":true,"href":"https:\/\/www.messinaoggi.it\/website\/wp-json\/wp\/v2\/media\/203207"}],"wp:attachment":[{"href":"https:\/\/www.messinaoggi.it\/website\/wp-json\/wp\/v2\/media?parent=203206"}],"wp:term":[{"taxonomy":"category","embeddable":true,"href":"https:\/\/www.messinaoggi.it\/website\/wp-json\/wp\/v2\/categories?post=203206"},{"taxonomy":"post_tag","embeddable":true,"href":"https:\/\/www.messinaoggi.it\/website\/wp-json\/wp\/v2\/tags?post=203206"}],"curies":[{"name":"wp","href":"https:\/\/api.w.org\/{rel}","templated":true}]}}