{"id":203188,"date":"2024-06-29T12:08:04","date_gmt":"2024-06-29T10:08:04","guid":{"rendered":"https:\/\/www.messinaoggi.it\/website\/2024\/06\/29\/vacanze-29-mln-di-italiani-in-partenza-sangalli-numeri-da-record\/"},"modified":"2024-06-29T12:08:04","modified_gmt":"2024-06-29T10:08:04","slug":"vacanze-29-mln-di-italiani-in-partenza-sangalli-numeri-da-record","status":"publish","type":"post","link":"https:\/\/www.messinaoggi.it\/website\/2024\/06\/29\/vacanze-29-mln-di-italiani-in-partenza-sangalli-numeri-da-record\/","title":{"rendered":"Vacanze, 29 mln di italiani in partenza. Sangalli \u201cNumeri da record\u201d"},"content":{"rendered":"<div>ROMA (ITALPRESS) &#8211; Sono 29 milioni gli italiani pronti a partire tra giugno e settembre, per uno o pi\u00f9 viaggi, con un budget complessivo pro capite a disposizione di 1.190 euro (+10% rispetto al 2023). L&#8217;indice di fiducia dei viaggiatori dell&#8217;Osservatorio Turismo di Confcommercio si attesta a quota 72 su scala da 0 a 100: 2 punti in pi\u00f9 di giugno 2023 e 1 in pi\u00f9 di giugno 2019 (anno pre Covid). Trend positivo, quindi, con un probabile 2024 finalmente da record, anche per la domanda interna. Questi i principali dati che emergono dal Focus sulle vacanze estive dell&#8217;Osservatorio Turismo Confcommercio in collaborazione con Swg su un campione di 1.045 italiani tra 18 e 80 anni intervistati tra l&#8217;11 e il 17 giugno, rappresentativi della popolazione per genere, et\u00e0, area geografica e ampiezza del Comune di residenza.<br \/>Numeri che sanciscono la fine di un lungo periodo in cui il rapporto tra i connazionali e le vacanze era stato decisamente &#8220;tiepido&#8221; e ben lontano dalle ottime performance dei flussi esteri diretti in Italia. In ogni caso c&#8217;\u00e8 sempre da considerare la variabile meteo che potrebbe influenzare i programmi di vacanza.<br \/>Riguardo ai mesi scelti per le vacanze gli italiani spenderanno una media pro capite di 750 euro a luglio, 910 euro in agosto &#8211; il mese con la maggiore incidenza di vacanze lunghe &#8211; e 760 euro a settembre. A giugno questo valore si attesta a 630 euro.<br \/>Alla domanda su dove pernotteranno in viaggio, le risposte del campione da un lato individuano le classiche strutture turistico-ricettive &#8211; alberghi, villaggi vacanza, campeggi e resort &#8211; alle quali si indirizzano complessivamente oltre 4 italiani su 10, di cui oltre la met\u00e0 in alberghi &#8211; e dall&#8217;altro le seconde case di propriet\u00e0 o l&#8217;ospitalit\u00e0 presso amici e parenti, scelte nel 14% dei casi, che diventano il 17% per le vacanze pi\u00f9 lunghe. Per b&amp;b e affitti brevi invece, la preferenza appare pi\u00f9 legata alla durata del viaggio. I primi sono scelti addirittura nel 22% dei casi per vacanze brevi, scendendo al 13% per quelle di 7 giorni o pi\u00f9. Per i secondi la tendenza \u00e8 esattamente opposta: si va dal 9% per gli short break al 14% nelle vacanze pi\u00f9 lunghe.<br \/>Nei 4 mesi in esame, in cui la met\u00e0 dei viaggiatori previsti far\u00e0 pi\u00f9 vacanze di diversa durata, \u00e8 significativa la quota (34%) di coloro che sceglieranno mete tanto nazionali quanto oltre confine. Il 58% resta per\u00f2 sempre fedele all&#8217;Italia, scegliendo esclusivamente destinazioni della Penisola, mentre il restante 8% far\u00e0 vacanze solo all&#8217;estero.<br \/>Delle destinazioni scelte per i viaggi tra giugno e settembre, il 24% saranno mete balneari, soprattutto per le vacanze pi\u00f9 lunghe, dove questa preferenza raggiunge il 39% delle indicazioni espresse dal campione intervistato. Ravvivato interesse quest&#8217;anno per la montagna, che raccoglie il 13% delle preferenze superando, seppure di poco, tanto le citt\u00e0 quanto i luoghi d&#8217;arte, entrambi con l&#8217;11% delle preferenze. Su questi ultimi per\u00f2 gli italiani programmano maggiormente 1 o 2 notti a destinazione, cos\u00ec come per i piccoli borghi, che seguono con il 10% delle preferenze.<br \/>Parlando di geografia dei viaggi, a sostenere l&#8217;interesse degli italiani per le vacanze estive in montagna contribuisce fortemente il Trentino Alto Adige, costantemente nella top list dopo la Toscana &#8211; per i viaggi di breve e media durata &#8211; e dopo Sardegna e Puglia per le vacanze pi\u00f9 lunghe. A riprova della passione per il mare troviamo supergettonate, oltre a Sardegna e Puglia, anche Sicilia ed Emilia Romagna, alle quali si aggiunge la Liguria, quest&#8217;ultima soprattutto per i viaggi brevi e le vacanze con massimo 5 pernottamenti.<br \/>Rivolgendo l&#8217;attenzione oltre confine, continua a prevalere il panorama delle destinazioni europee, particolarmente fruibili d&#8217;estate, dove l&#8217;offerta di Grecia e Spagna catalizza fortemente l&#8217;attenzione dei nostri connazionali con la Francia che segue pi\u00f9 a distanza.<br \/>&#8220;Le previsioni per il turismo indicano la possibilit\u00e0 di avere i numeri migliori di sempre &#8211; commenta il presidente di Confcommercio, Carlo Sangalli -. Mai come oggi il settore turistico pu\u00f2 contribuire a quella crescita necessaria che ancora manca alla nostra economia. Le sorti di questo 2024, che si concluder\u00e0 con una manovra di bilancio complicata, dipendono dalla tenuta complessiva dell&#8217;occupazione, dalla riduzione dell&#8217;inflazione e dalla prevista crescita del turismo in tutte le sue forme&#8221;.<div id=\"div-gpt-ad-Messinaoggi.it-DSK-300x250-corpoart\" style=\"text-align:center;margin:0 auto;\"><\/div><\/p>\n<p>&#8211; foto: Agenzia Fotogramma &#8211;<br \/>(ITALPRESS).<\/div>\n<div id=\"videoincontent\" style=\"clear:both\";><\/div>","protected":false},"excerpt":{"rendered":"<p>ROMA (ITALPRESS) &#8211; Sono 29 milioni gli italiani pronti a partire tra giugno e settembre, per uno o pi\u00f9 viaggi, con un budget complessivo pro capite a disposizione di 1.190 euro (+10% rispetto al 2023). L&#8217;indice di fiducia dei viaggiatori dell&#8217;Osservatorio Turismo di Confcommercio si attesta a quota 72 su scala da 0 a 100: [&hellip;]<\/p>\n","protected":false},"author":18,"featured_media":203189,"comment_status":"closed","ping_status":"closed","sticky":false,"template":"","format":"standard","meta":{"ub_ctt_via":"","_mi_skip_tracking":false},"categories":[446],"tags":[783],"featured_image_src":"https:\/\/www.messinaoggi.it\/website\/wp-content\/uploads\/2024\/06\/20240629_0166.jpg","author_info":{"display_name":"Admin","author_link":"https:\/\/www.messinaoggi.it\/website\/author\/admin\/"},"digistream_id":0,"digistream":false,"_links":{"self":[{"href":"https:\/\/www.messinaoggi.it\/website\/wp-json\/wp\/v2\/posts\/203188"}],"collection":[{"href":"https:\/\/www.messinaoggi.it\/website\/wp-json\/wp\/v2\/posts"}],"about":[{"href":"https:\/\/www.messinaoggi.it\/website\/wp-json\/wp\/v2\/types\/post"}],"author":[{"embeddable":true,"href":"https:\/\/www.messinaoggi.it\/website\/wp-json\/wp\/v2\/users\/18"}],"replies":[{"embeddable":true,"href":"https:\/\/www.messinaoggi.it\/website\/wp-json\/wp\/v2\/comments?post=203188"}],"version-history":[{"count":0,"href":"https:\/\/www.messinaoggi.it\/website\/wp-json\/wp\/v2\/posts\/203188\/revisions"}],"wp:featuredmedia":[{"embeddable":true,"href":"https:\/\/www.messinaoggi.it\/website\/wp-json\/wp\/v2\/media\/203189"}],"wp:attachment":[{"href":"https:\/\/www.messinaoggi.it\/website\/wp-json\/wp\/v2\/media?parent=203188"}],"wp:term":[{"taxonomy":"category","embeddable":true,"href":"https:\/\/www.messinaoggi.it\/website\/wp-json\/wp\/v2\/categories?post=203188"},{"taxonomy":"post_tag","embeddable":true,"href":"https:\/\/www.messinaoggi.it\/website\/wp-json\/wp\/v2\/tags?post=203188"}],"curies":[{"name":"wp","href":"https:\/\/api.w.org\/{rel}","templated":true}]}}