{"id":203186,"date":"2024-06-29T12:08:02","date_gmt":"2024-06-29T10:08:02","guid":{"rendered":"https:\/\/www.messinaoggi.it\/website\/2024\/06\/29\/ue-tajani-giochi-ancora-aperti-tutto-si-risolvera-al-meglio\/"},"modified":"2024-06-29T12:08:02","modified_gmt":"2024-06-29T10:08:02","slug":"ue-tajani-giochi-ancora-aperti-tutto-si-risolvera-al-meglio","status":"publish","type":"post","link":"https:\/\/www.messinaoggi.it\/website\/2024\/06\/29\/ue-tajani-giochi-ancora-aperti-tutto-si-risolvera-al-meglio\/","title":{"rendered":"Ue, Tajani \u201cGiochi ancora aperti, tutto si risolver\u00e0 al meglio\u201d"},"content":{"rendered":"<div>ROMA (ITALPRESS) &#8211; &#8220;I negoziati sono sempre duri e i bracci di ferro si sono sempre verificati. Chi oggi parla di isolamento italiano, che oltretutto \u00e8 impossibile per tante ragioni storiche, politiche ed economiche, \u00e8 stato in passato troppo remissivo rispetto all&#8217;Europa e il nostro Paese non ci ha guadagnato&#8221;. Lo ha detto a &#8220;Il Messaggero&#8221; il vicepremier e ministro degli Esteri, Antonio Tajani. &#8220;L&#8217;Europeismo non \u00e8 dire sempre di s\u00ec e tutto va bene. L&#8217;Europa la si costruisce assieme, anche attraverso confronti duri. E&#8217; quello che sta accadendo. Io voglio essere ottimista. Tutto si risolver\u00e0 per il meglio. Per\u00f2 non dobbiamo parlare solo di nomi. Ci\u00f2 che conta sono i contenuti e i programmi che ognuno, von der Leyen cos\u00ec come tutti gli altri, si impegna a realizzare&#8221; aggiunge. &#8220;Non bisogna inseguire i rumors di Bruxelles. I giochi sono tutti aperti&#8221; dice ancora. Meloni &#8220;ha difeso e sta difendendo il ruolo dell&#8217;Italia. Anche il presidente Sergio Mattarella ha giustamente usato toni molto fermi. E non si pu\u00f2 dire che il Capo dello Stato non sia un grande europeista&#8221; chiosa il leader di Forza Italia, convinto che l&#8217;Italia non possa essere isolata. &#8220;Siamo la seconda industria manifatturiera del continente, la terza economia europea, abbiamo un governo stabile che \u00e8 frutto del voto popolare e abbiamo una classe dirigente riconosciuta in Europa. Io stesso sono vicepremier nell&#8217;attuale governo, sono stato commissario europeo e due volte vicepresidente della Commissione Ue, ricopro da 22 anni la carica di vicepresidente del Ppe. Per non parlare della grande esperienza di Fitto nelle istituzioni di Bruxelles. E voglio ricordare a tutti quelli che dicono Italia all&#8217;angolo, Italia fuori dai giochi e altre cose cos\u00ec, tutt&#8217;altro che vero, che il nostro non \u00e8 e non viene considerato un governo di destra brutto sporco e cattivo, ma un governo di centrodestra con ci si parla, con cui si confronta e in cui ci sono tante e diverse sensibilit\u00e0&#8221; conclude.(ITALPRESS).<div id=\"div-gpt-ad-Messinaoggi.it-DSK-300x250-corpoart\" style=\"text-align:center;margin:0 auto;\"><\/div><\/p>\n<p>Foto: Agenzia Fotogramma<div id=\"videoincontent\" style=\"clear:both\";><\/div><\/p><\/div>\n","protected":false},"excerpt":{"rendered":"<p>ROMA (ITALPRESS) &#8211; &#8220;I negoziati sono sempre duri e i bracci di ferro si sono sempre verificati. Chi oggi parla di isolamento italiano, che oltretutto \u00e8 impossibile per tante ragioni storiche, politiche ed economiche, \u00e8 stato in passato troppo remissivo rispetto all&#8217;Europa e il nostro Paese non ci ha guadagnato&#8221;. Lo ha detto a &#8220;Il [&hellip;]<\/p>\n","protected":false},"author":18,"featured_media":203187,"comment_status":"closed","ping_status":"closed","sticky":false,"template":"","format":"standard","meta":{"ub_ctt_via":"","_mi_skip_tracking":false},"categories":[446],"tags":[783],"featured_image_src":"https:\/\/www.messinaoggi.it\/website\/wp-content\/uploads\/2024\/06\/20240629_0060.jpg","author_info":{"display_name":"Admin","author_link":"https:\/\/www.messinaoggi.it\/website\/author\/admin\/"},"digistream_id":0,"digistream":false,"_links":{"self":[{"href":"https:\/\/www.messinaoggi.it\/website\/wp-json\/wp\/v2\/posts\/203186"}],"collection":[{"href":"https:\/\/www.messinaoggi.it\/website\/wp-json\/wp\/v2\/posts"}],"about":[{"href":"https:\/\/www.messinaoggi.it\/website\/wp-json\/wp\/v2\/types\/post"}],"author":[{"embeddable":true,"href":"https:\/\/www.messinaoggi.it\/website\/wp-json\/wp\/v2\/users\/18"}],"replies":[{"embeddable":true,"href":"https:\/\/www.messinaoggi.it\/website\/wp-json\/wp\/v2\/comments?post=203186"}],"version-history":[{"count":0,"href":"https:\/\/www.messinaoggi.it\/website\/wp-json\/wp\/v2\/posts\/203186\/revisions"}],"wp:featuredmedia":[{"embeddable":true,"href":"https:\/\/www.messinaoggi.it\/website\/wp-json\/wp\/v2\/media\/203187"}],"wp:attachment":[{"href":"https:\/\/www.messinaoggi.it\/website\/wp-json\/wp\/v2\/media?parent=203186"}],"wp:term":[{"taxonomy":"category","embeddable":true,"href":"https:\/\/www.messinaoggi.it\/website\/wp-json\/wp\/v2\/categories?post=203186"},{"taxonomy":"post_tag","embeddable":true,"href":"https:\/\/www.messinaoggi.it\/website\/wp-json\/wp\/v2\/tags?post=203186"}],"curies":[{"name":"wp","href":"https:\/\/api.w.org\/{rel}","templated":true}]}}