{"id":203161,"date":"2024-06-29T00:31:57","date_gmt":"2024-06-28T22:31:57","guid":{"rendered":"http:\/\/www.messinaoggi.it\/website\/?p=203161"},"modified":"2024-06-29T00:44:22","modified_gmt":"2024-06-28T22:44:22","slug":"sud-chiama-nord-cateno-de-luca-fa-un-passo-di-lato","status":"publish","type":"post","link":"https:\/\/www.messinaoggi.it\/website\/2024\/06\/29\/sud-chiama-nord-cateno-de-luca-fa-un-passo-di-lato\/","title":{"rendered":"&#8220;Sud chiama Nord&#8221;: Cateno De Luca fa un passo di lato"},"content":{"rendered":"\n<p><strong>Cateno De Luca<\/strong> fa un passo di lato. Il progetto nazionale di \u201c<em>Sud chiama Nord<\/em>\u201d graver\u00e0 sulle spalle di <strong>Laura Castelli<\/strong> e <strong>Francesco Gallo<\/strong> (assente). Li ha impalmati il leader del movimento politico ieri sera a Fiumedinisi, durante l\u2019intervento conclusivo dell\u2019assemblea nazionale.<div id=\"div-gpt-ad-Messinaoggi.it-DSK-300x250-corpoart\" style=\"text-align:center;margin:0 auto;\"><\/div><\/p>\n\n\n\n<h2><strong>Assemblea fiume di \u201cSud chiama Nord\u201d<\/strong><\/h2>\n\n\n\n<p>Iniziata intorno alle 20 si \u00e8 chiusa ben oltre la mezzanotte con l\u2019intervento conclusivo di <strong>Cateno De Luca <\/strong>che ha ammesso la \u201cbatosta\u201d elettorale delle europee, ma ha anche sottolineato come, rispetto alle <strong>politiche del 2022<\/strong>, il partito ha fatto un balzo in avanti sul piano nazionale passando dallo <strong>0,9 all\u20191,3%.<\/strong> Un balzo in avanti che, comunque, non \u00e8 servito per conquistare un seggio al parlamento europeo.<div id=\"videoincontent\" style=\"clear:both\";><\/div><\/p>\n\n\n\n<h2><strong>Bordate a chi \u00e8 attacco alla poltrona<\/strong><\/h2>\n\n\n\n<p>Pur avendo un atteggiamento nuovo, meno aggressivo, <strong>Cateno De Luca<\/strong> non ha risparmiate alcune bordate a chi si \u00e8 \u201c<em>incollato<\/em>\u201d sulle poltrone ottenute. Riferimenti rivolti soprattutto al \u201c<em>gruppo messinese<\/em>\u201d, dove il leader ha denotato un certo appiattimento. Non \u00e8 escluso che la nuova fase possa essere accompagnata dal sacrificio di qualche figura istituzionale. Lo ha detto chiaramente, tenuto conto che ha annunciato qualche aggiustamento da mettere in atto con il sindaco <strong>Federico Basile<\/strong>.<\/p>\n\n\n\n<h2><strong>Rilancio di De Luca sul piano regionale<\/strong><\/h2>\n\n\n\n<p>Se da un lato <strong>De Luca<\/strong> ha detto chiaramente di voler fare un passo di lato sul piano nazionale, dall\u2019altro ha rilanciato la sua azione politica su quello regionale. Il leader di \u201c<em>Sud chiama Nord<\/em>\u201d punta decisamente sulla conquista alla poltrona di governatore e si candida per le prossime elezioni regionali.<\/p>\n\n\n\n<h2><strong>Un nuovo approccio<\/strong><\/h2>\n\n\n\n<p><strong>Cateno De Luca<\/strong> ha messo da parte l\u2019atteggiamento velenoso, durante i suoi due interventi non sono mancate le bordate al governo regionale e alla vecchia politica delle clientele e delle prebende. Ma non uscite dalla bocca di De Luca parole di intrise di insulti. Politicamente, <strong>De Luca<\/strong> ha dato l\u2019impressione di una nuova \u201cmaturit\u00e0\u201d, maturata durante il suo <em>buen retiro<\/em> di Fiumedinisi.<\/p>\n\n\n\n<h2><strong>La voce fuori dal coro di Clara Croc\u00e8<\/strong><\/h2>\n\n\n\n<p>S\u2019\u00e8 presentata sul palco con un atteggiamento scostante e l\u2019ha lasciato polemicamente perch\u00e9 le \u00e8 stato imposto di contenere il suo intervento. La <strong>Croc\u00e8 <\/strong>ha puntato l\u2019indice contro chi, a suo dire, ha chiuso le porte ai lavoratori. &#8220;Girano video di dipendenti che dicono come &#8216;Sud chiama Nord&#8217; li abbia traditi&#8221;.<\/p>\n\n\n\n<h2><strong>Sud chiama Nord partito indebitato<\/strong><\/h2>\n\n\n\n<p>La campagna elettorale per le elezioni europee \u00e8 stato un bagno di sangue. De Luca ha rivelato che sono stati spesi dal movimento pi\u00f9 di 1,3 mln di euro e che ancora ci sono da pagare 500mila euro. E per questo il sindaco di Taormina ha chiesto aiuto ai \u201ccontinentali\u201d che hanno risposto timidamente alle sue sollecitazioni per finanziare il progetto nazionale.<\/p>\n","protected":false},"excerpt":{"rendered":"<p>Cateno De Luca fa un passo di lato. Il progetto nazionale di \u201cSud chiama Nord\u201d graver\u00e0 sulle spalle di Laura Castelli e Francesco Gallo (assente). Li ha impalmati il leader del movimento politico ieri sera a Fiumedinisi, durante l\u2019intervento conclusivo dell\u2019assemblea nazionale. Assemblea fiume di \u201cSud chiama Nord\u201d Iniziata intorno alle 20 si \u00e8 chiusa [&hellip;]<\/p>\n","protected":false},"author":2,"featured_media":196879,"comment_status":"open","ping_status":"open","sticky":false,"template":"","format":"standard","meta":{"ub_ctt_via":"","_mi_skip_tracking":false},"categories":[19],"tags":[1990,126,1448,5307],"featured_image_src":"https:\/\/www.messinaoggi.it\/website\/wp-content\/uploads\/2024\/05\/297412770_106029422215713_2020663607428494233_n.jpg","author_info":{"display_name":"Redazione","author_link":"https:\/\/www.messinaoggi.it\/website\/author\/redazione\/"},"digistream_id":0,"digistream":false,"_links":{"self":[{"href":"https:\/\/www.messinaoggi.it\/website\/wp-json\/wp\/v2\/posts\/203161"}],"collection":[{"href":"https:\/\/www.messinaoggi.it\/website\/wp-json\/wp\/v2\/posts"}],"about":[{"href":"https:\/\/www.messinaoggi.it\/website\/wp-json\/wp\/v2\/types\/post"}],"author":[{"embeddable":true,"href":"https:\/\/www.messinaoggi.it\/website\/wp-json\/wp\/v2\/users\/2"}],"replies":[{"embeddable":true,"href":"https:\/\/www.messinaoggi.it\/website\/wp-json\/wp\/v2\/comments?post=203161"}],"version-history":[{"count":3,"href":"https:\/\/www.messinaoggi.it\/website\/wp-json\/wp\/v2\/posts\/203161\/revisions"}],"predecessor-version":[{"id":203164,"href":"https:\/\/www.messinaoggi.it\/website\/wp-json\/wp\/v2\/posts\/203161\/revisions\/203164"}],"wp:featuredmedia":[{"embeddable":true,"href":"https:\/\/www.messinaoggi.it\/website\/wp-json\/wp\/v2\/media\/196879"}],"wp:attachment":[{"href":"https:\/\/www.messinaoggi.it\/website\/wp-json\/wp\/v2\/media?parent=203161"}],"wp:term":[{"taxonomy":"category","embeddable":true,"href":"https:\/\/www.messinaoggi.it\/website\/wp-json\/wp\/v2\/categories?post=203161"},{"taxonomy":"post_tag","embeddable":true,"href":"https:\/\/www.messinaoggi.it\/website\/wp-json\/wp\/v2\/tags?post=203161"}],"curies":[{"name":"wp","href":"https:\/\/api.w.org\/{rel}","templated":true}]}}