{"id":203131,"date":"2024-06-28T20:08:04","date_gmt":"2024-06-28T18:08:04","guid":{"rendered":"https:\/\/www.messinaoggi.it\/website\/2024\/06\/28\/un-ponte-tra-italia-e-marocco-alla-fiera-del-levante-di-bari\/"},"modified":"2024-06-28T20:08:04","modified_gmt":"2024-06-28T18:08:04","slug":"un-ponte-tra-italia-e-marocco-alla-fiera-del-levante-di-bari","status":"publish","type":"post","link":"https:\/\/www.messinaoggi.it\/website\/2024\/06\/28\/un-ponte-tra-italia-e-marocco-alla-fiera-del-levante-di-bari\/","title":{"rendered":"Un ponte tra Italia e Marocco alla Fiera del Levante di Bari"},"content":{"rendered":"<div>BARI (ITALPRESS) &#8211; &#8220;Il Marocco \u00e8 una terra di grandi opportunit\u00e0, soprattutto in vista dei Mondiali del 2030&#8221;. L&#8217;invito all&#8217;Italia a &#8220;guardare a Sud&#8221; arriva dalla Puglia, e pi\u00f9 precisamente da Bari, dalle parole di Mohamed Karim Sbai, presidente dell&#8217;Ordine nazionale degli Architetti del Marocco. L&#8217;occasione \u00e8 stata l&#8217;incontro che si \u00e8 tenuto oggi (28 giugno) alla Fiera del Levante di Bari, allo scopo di creare un ponte tra Italia e Marocco, che in questo momento sta vivendo un vero e proprio boom immobiliare. Alla presenza del presidente della Nuova Fiera del Levante, Gaetano Frulli, del presidente dell&#8217;Ordine degli Architetti di Bari, Cosimo Damiano Mastronardi, e di numerosi architetti del territorio, Sbai ha ricordato come i settori dell&#8217;arredamento e dell&#8217;Interior design stiano vivendo un periodo di particolare sviluppo, &#8220;qui il valore dei designer e degli architetti italiani &#8211; ha aggiunto &#8211; \u00e8 conosciuto e apprezzato&#8221;. &#8220;Incontri come quello di oggi- ha ricordato Frulli &#8211; sono importanti per quel processo di internazionalizzazione che la Nuova Fiera del Levante ha avviato&#8221;, per poi annunciare che nella prossima edizione della Campionaria barese, nello spazio dedicato all&#8217;arredamento sar\u00e0 promosso un interscambio B2B tra buyer marocchini e operatori del settore che esporranno e presenteranno i loro prodotti: &#8220;Far venire qui architetti e altri designer da parte di tutto il bacino del Mediterraneo e delle terre balcaniche, che \u00e8 il mercato a cui ci vogliamo rivolgere, \u00e8 strategico perch\u00e8 cos\u00ec diamo opportunit\u00e0 alle aziende di vendere.<br \/>D&#8217;altronde in quel settore ormai l&#8217;architetto \u00e8 diventato il vero buyer&#8221;.<br \/>Non a caso, quello dell&#8217;arredamento \u00e8 un settore votato al dialogo estero in Marocco: le importazioni riguardano principalmente mobili da soggiorno (41%), mobili da cucina e bagno (28%), mobili da ufficio (11%), mentre il resto \u00e8 ripartito tra camere da letto, complementi d&#8217;arredo e mobili per esterni. &#8220;Si crea oggi un rapporto sinergico tra Fiera del Levante e Ordine degli architetti di Bari &#8211; ha infine ricordato Mastronardi &#8211; perch\u00e8 \u00e8 importante la sinergia tra enti del territorio per elevare la qualit\u00e0 dello stesso, possiamo offrire le nostre competenze per far crescere il territorio e incontri come quelli di oggi e quelli della Campionaria permetteranno uno scambio di culture che \u00e8 importante per la crescita di tutti&#8221;.<br \/>-foto f06 &#8211;<br \/>(ITALPRESS).<\/div>\n<div id=\"div-gpt-ad-Messinaoggi.it-DSK-300x250-corpoart\" style=\"text-align:center;margin:0 auto;\"><\/div><\/p><div id=\"videoincontent\" style=\"clear:both\";><\/div>","protected":false},"excerpt":{"rendered":"<p>BARI (ITALPRESS) &#8211; &#8220;Il Marocco \u00e8 una terra di grandi opportunit\u00e0, soprattutto in vista dei Mondiali del 2030&#8221;. L&#8217;invito all&#8217;Italia a &#8220;guardare a Sud&#8221; arriva dalla Puglia, e pi\u00f9 precisamente da Bari, dalle parole di Mohamed Karim Sbai, presidente dell&#8217;Ordine nazionale degli Architetti del Marocco. L&#8217;occasione \u00e8 stata l&#8217;incontro che si \u00e8 tenuto oggi (28 [&hellip;]<\/p>\n","protected":false},"author":18,"featured_media":203132,"comment_status":"closed","ping_status":"closed","sticky":false,"template":"","format":"standard","meta":{"ub_ctt_via":"","_mi_skip_tracking":false},"categories":[446],"tags":[783],"featured_image_src":"https:\/\/www.messinaoggi.it\/website\/wp-content\/uploads\/2024\/06\/20240628_1204.jpg","author_info":{"display_name":"Admin","author_link":"https:\/\/www.messinaoggi.it\/website\/author\/admin\/"},"digistream_id":0,"digistream":false,"_links":{"self":[{"href":"https:\/\/www.messinaoggi.it\/website\/wp-json\/wp\/v2\/posts\/203131"}],"collection":[{"href":"https:\/\/www.messinaoggi.it\/website\/wp-json\/wp\/v2\/posts"}],"about":[{"href":"https:\/\/www.messinaoggi.it\/website\/wp-json\/wp\/v2\/types\/post"}],"author":[{"embeddable":true,"href":"https:\/\/www.messinaoggi.it\/website\/wp-json\/wp\/v2\/users\/18"}],"replies":[{"embeddable":true,"href":"https:\/\/www.messinaoggi.it\/website\/wp-json\/wp\/v2\/comments?post=203131"}],"version-history":[{"count":0,"href":"https:\/\/www.messinaoggi.it\/website\/wp-json\/wp\/v2\/posts\/203131\/revisions"}],"wp:featuredmedia":[{"embeddable":true,"href":"https:\/\/www.messinaoggi.it\/website\/wp-json\/wp\/v2\/media\/203132"}],"wp:attachment":[{"href":"https:\/\/www.messinaoggi.it\/website\/wp-json\/wp\/v2\/media?parent=203131"}],"wp:term":[{"taxonomy":"category","embeddable":true,"href":"https:\/\/www.messinaoggi.it\/website\/wp-json\/wp\/v2\/categories?post=203131"},{"taxonomy":"post_tag","embeddable":true,"href":"https:\/\/www.messinaoggi.it\/website\/wp-json\/wp\/v2\/tags?post=203131"}],"curies":[{"name":"wp","href":"https:\/\/api.w.org\/{rel}","templated":true}]}}