{"id":202703,"date":"2024-06-26T17:08:05","date_gmt":"2024-06-26T15:08:05","guid":{"rendered":"https:\/\/www.messinaoggi.it\/website\/2024\/06\/26\/carta-dei-diritti-del-caregiver-piu-tutele-per-il-ruolo\/"},"modified":"2024-06-26T17:08:05","modified_gmt":"2024-06-26T15:08:05","slug":"carta-dei-diritti-del-caregiver-piu-tutele-per-il-ruolo","status":"publish","type":"post","link":"https:\/\/www.messinaoggi.it\/website\/2024\/06\/26\/carta-dei-diritti-del-caregiver-piu-tutele-per-il-ruolo\/","title":{"rendered":"\u201cCarta dei Diritti del Caregiver\u201d: pi\u00f9 tutele per il ruolo"},"content":{"rendered":"<div>ROMA (ITALPRESS) &#8211; Presentata oggi la &#8220;Carta dei Diritti del Caregiver&#8221;, documento che rappresenta il pillar fondamentale del Caregiver SumMeet 2024. L&#8217;iniziativa, promossa da Cencora-Pharmalex, \u00e8 nata dalle conversazioni con le associazioni di pazienti orientate a dare voce ai bisogni alle persone che tutti i giorni sono al fianco dei malati da esse rappresentati.<br \/>Con la volont\u00e0 di sottolineare il necessario riconoscimento della figura cruciale del caregiver nella gestione della malattia sono stati organizzati dei workshop tematici dai quali sono emersi i principali bisogni che hanno trovato spazio all&#8217;interno della &#8220;Carta dei diritti del Caregiver&#8221;, documento che porta all&#8217;attenzione delle istituzioni i bisogni comuni a tutti i caregiver coinvolti.<br \/>L&#8217;evento Caregiver SumMeet 2024 ha ricevuto il Patrocinio del Ministro per la Disabilit\u00e0, Presidenza del Consiglio dei Ministri.<br \/>Patrocinanti dell&#8217;intera iniziativa e dell&#8217;evento istituzionale diciannove associazioni pazienti di tutta Italia: ADAL Associazione Diabetici Alessandria O.d.V Consociato FAND, AIN &#8211; Associazione Italiana Narcolettici e Ipersonni, AIM &#8211; Associazione Italiana Miastenia e Malattie Immunodegenerative Amici del BESTA ODV, A.I.V.A. &#8211; Associazione Italiana Vasculiti ANCA Associate, AMICA &#8211; Associazione Malati Italiani Castleman ODV, ANED &#8211; Associazione Nazionale Emodializzati Dialisi e Trapianto APS, APMARR &#8211; Associazione Nazionale Persone con Malattie Reumatologiche e Rare APS-ETS, Carolina Zani ETS Melanoma Foundation, EpaC ETS, Europa Donna Italia, Food Allergy Italia, Gruppo LES Italiano ODV, Fondazione Longevitas ETS, Melanoma Day, MIO Melanoma Italia Onlus, Associazione PaLiNUro APS, Respiriamo Insieme &#8211; APS, WALCE Women Against Lung Cancer in Europe, con la collaborazione di Progetto Itaca.<br \/>Il progetto \u00e8 stato realizzato grazie al contributo non condizionato di Teva Italia Main Sponsor, Astellas Silver Sponsor e Pierre Fabre Supporter.<br \/>Secondo i dati ISTAT, in Italia circa l&#8217;8% della popolazione \u00e8 costituito da caregiver familiari, di cui il 75% sono donne tra i 45 e i 64 anni. Per poter assolvere ai compiti di cura, spesso i caregiver sono costretti a ridurre drasticamente l&#8217;attivit\u00e0 lavorativa o, in casi estremi, abbandonare il lavoro. I compiti del caregiver sono numerosi e richiedono competenze diverse, anche mediche, con una disponibilit\u00e0 continua, inclusi orari notturni e festivi. Senza il loro contributo, il peso della cura ricadrebbe sulla collettivit\u00e0. Fondamentale ricordare che l&#8217;assistenza fornita coinvolge non solo la sfera economica, ma anche quella fisica e l&#8217;investimento di risorse soprattutto emotive. Comune a tutti i caregiver \u00e8 lo stress psicologico, senso di incomprensione e isolamento.<br \/>Il caregiver svolge questo ruolo a titolo personale, volontario e non retribuito, ridimensionando la propria attivit\u00e0 professionale, trascurando la propria salute, e ritrovandosi socialmente isolato. I caregiver non rappresentati, esprimono preoccupazione per il futuro dei loro cari se nel futuro non potessero pi\u00f9 occuparsene.<br \/>&#8216;Il riconoscimento dei caregiver familiari, in particolare conviventi, \u00e8 fondamentale e non pu\u00f2 pi\u00f9 essere rinviato. Il tavolo che abbiamo istituito con li Ministro Calderone nei mesi scorsi sta lavorando a una proposta che porteremo all&#8217;attenzione del Parlamento con l&#8217;obiettivo di dare una cornice normativa al ruolo del caregiver e un adeguato riconoscimento al caregiver familiare convivente. Serve sostenere adeguatamente le persone che amano e curano i propri cari e sono fiduciosa che si possa arrivare presto a dare una risposta concreta e attesa da anni dalle famigli\u00e8, ha dichiarato il Ministro per le Disabilit\u00e0 Alessandra Locatelli in un messaggio inviato al Caregiver SumMeet 2024, esprimendo i &#8220;complimenti agli organizzatori per questo evento e per l&#8217;impegno quotidiano nel sostenere i caregiver familiari&#8221;.<br \/>Obiettivo centrale del Caregiver SumMeet 2024 \u00e8 stato la costruzione del dialogo con le istituzioni sulla base del contenuto della &#8220;Carta dei Diritti del Caregiver&#8221; realizzata grazie ai tavoli di lavoro.<br \/>Le work room tematiche hanno affrontato quattro aree chiave da cui sono emersi diversi elementi rilevanti comuni a tutti i caregiver ascoltati.<br \/>Lavoro: Le forme contrattuali attualmente vigenti non sono compatibili con il ruolo di caregiver, per cui \u00e8 necessaria una revisione dei Contratti Collettivi Nazionali che mirino alla sensibilizzazione ed all&#8217;innovazione legislativa e contrattuale. Il ruolo del caregiver deve essere riconosciuto nei luoghi di lavoro scardinando il dogma legato alla sua figura; \u00e8 inoltre necessario prevedere un supporto economico integrativo e provvedere all&#8217;opzione valida e garantita di smart working.<br \/>Salute mentale: il caregiver ha bisogno di tempo per il proprio benessere psicofisico, per questo motivo dovrebbe poter usufruire di servizi gratuiti che facciano s\u00ec che possa delegare a qualcun&#8217;altro compiti del suo ruolo.<br \/>Il supporto psicologico e la condivisione delle esperienze con chi sta affrontando lo stesso tipo di situazione sono chiave per poter ridurre il senso di solitudine che accompagna costantemente il caregiver.<br \/>Ruolo sociale: si propone di istituire un&#8217;unica associazione di caregiver a livello nazionale che possa mappare i caregiver presenti in Italia attraverso canali gi\u00e0 esistenti. La figura del caregiver dovrebbe essere inclusa nel tavolo di lavoro a supporto di aspetti come l&#8217;impatto economico e finanziario, l&#8217;impatto etico e sociale.<br \/>Competenze: al caregiver devono essere fornite e garantite informazioni base, fondamentali per la corretta gestione della patologia del proprio caro in tutti i Centri. E&#8217; necessario organizzare incontri e corsi educazionali programmati nel tempo tra operatori sanitari e caregiver per ottimizzare la gestione del paziente e delle emergenze delle patologie croniche in contesti scolastici, lavorativi e sociali.<br \/>L&#8217;invito al dialogo \u00e8 rivolto alle istituzioni, per sensibilizzare i referenti politici sulla centralit\u00e0 della figura del caregiver e garantire l&#8217;avvio di un percorso di regolamentazione e riconoscimento a livello normativo e sociale.<br \/>&#8220;La Regione Lazio ha affrontato la tematica attraverso la legge regionale n. 5 dell&#8217;11 aprile 2024 recante &#8216;Disposizioni per il riconoscimento e il sostegno del caregiver familiar\u00e8 ovvero una disciplina organica che tutela i diritti del caregiver familiare come soggetto autonomo e distinto dall&#8217;assistito. La Regione ha cos\u00ec stanziato 15 milioni per la sua attuazione. La normativa &#8211; ha spiegato l&#8217;assessore ai Servizi sociali, Massimiliano Maselli &#8211; risponde all&#8217;esigenza di colmare una lacuna nell&#8217;ordinamento regionale rappresentata dalla mancata disciplina connessa alla funzione di rilevante valenza sociale, economica e morale, svolta dai quasi 25.000 caregiver familiari presenti nella nostra Regione. La Carta dei Diritti del Caregiver, presentata oggi al Caregiver SumMeet, \u00e8 in linea con le scelte del governo regionale e ci fa andare avanti con maggiore convinzione di aver intrapreso la strada giusta a tutela della persona caregiver come portatore di diritti propri, distinti da quelli della persona cara da lui assistit\u00e0, conclude l&#8217;Assessore Maselli.<br \/>La &#8220;Carta dei Diritti del Caregiver&#8221; ha l&#8217;obiettivo di promuovere l&#8217;adozione di strumenti normativi e legislativi specifici che garantiscano una migliore tutela e supporto ai caregiver in tutte le loro forme.<br \/>Cencora-Pharmalex, al fianco delle Associazioni, ha ritenuto fondamentale istituire questo appuntamento annuale, affinch\u00e8 il tema della tutela dei caregiver resti protagonista del dibattito politico e istituzionale.<br \/>&#8216;Da sempre siamo al fianco delle Associazioni Pazienti, di cui accogliamo le istanze e amplifichiamo i messaggi. Per questo motivo abbiamo voluto che le venti Associazioni che hanno partecipato a Caregiver SumMeet fossero protagoniste nella realizzazione del documento&#8221; &#8211; sottolinea Domenico Palomba, Managing Director e Partner di Cencora-Pharmalex Italy &#8211; Grazie allo stretto confronto che intercorre costantemente con istituzioni competenti ci siamo fatti portavoce delle numerose istanze provenienti dalle persone che ogni giorno rivestono questo ruolo. La nostra dedizione nel sostenere i caregiver non si ferma qui, continueremo a dialogare con tutte le parti coinvolte, affinch\u00e8 la loro voce sia ascoltata e le istanze vengano accolt\u00e8.<div id=\"div-gpt-ad-Messinaoggi.it-DSK-300x250-corpoart\" style=\"text-align:center;margin:0 auto;\"><\/div><\/p>\n<p>&#8211; foto ufficio stampa Pharmalex &#8211;<br \/>(ITALPRESS).<\/div>\n<div id=\"videoincontent\" style=\"clear:both\";><\/div>","protected":false},"excerpt":{"rendered":"<p>ROMA (ITALPRESS) &#8211; Presentata oggi la &#8220;Carta dei Diritti del Caregiver&#8221;, documento che rappresenta il pillar fondamentale del Caregiver SumMeet 2024. L&#8217;iniziativa, promossa da Cencora-Pharmalex, \u00e8 nata dalle conversazioni con le associazioni di pazienti orientate a dare voce ai bisogni alle persone che tutti i giorni sono al fianco dei malati da esse rappresentati.Con la [&hellip;]<\/p>\n","protected":false},"author":18,"featured_media":202704,"comment_status":"closed","ping_status":"closed","sticky":false,"template":"","format":"standard","meta":{"ub_ctt_via":"","_mi_skip_tracking":false},"categories":[446],"tags":[783],"featured_image_src":"https:\/\/www.messinaoggi.it\/website\/wp-content\/uploads\/2024\/06\/20240626_0739.jpg","author_info":{"display_name":"Admin","author_link":"https:\/\/www.messinaoggi.it\/website\/author\/admin\/"},"digistream_id":0,"digistream":false,"_links":{"self":[{"href":"https:\/\/www.messinaoggi.it\/website\/wp-json\/wp\/v2\/posts\/202703"}],"collection":[{"href":"https:\/\/www.messinaoggi.it\/website\/wp-json\/wp\/v2\/posts"}],"about":[{"href":"https:\/\/www.messinaoggi.it\/website\/wp-json\/wp\/v2\/types\/post"}],"author":[{"embeddable":true,"href":"https:\/\/www.messinaoggi.it\/website\/wp-json\/wp\/v2\/users\/18"}],"replies":[{"embeddable":true,"href":"https:\/\/www.messinaoggi.it\/website\/wp-json\/wp\/v2\/comments?post=202703"}],"version-history":[{"count":0,"href":"https:\/\/www.messinaoggi.it\/website\/wp-json\/wp\/v2\/posts\/202703\/revisions"}],"wp:featuredmedia":[{"embeddable":true,"href":"https:\/\/www.messinaoggi.it\/website\/wp-json\/wp\/v2\/media\/202704"}],"wp:attachment":[{"href":"https:\/\/www.messinaoggi.it\/website\/wp-json\/wp\/v2\/media?parent=202703"}],"wp:term":[{"taxonomy":"category","embeddable":true,"href":"https:\/\/www.messinaoggi.it\/website\/wp-json\/wp\/v2\/categories?post=202703"},{"taxonomy":"post_tag","embeddable":true,"href":"https:\/\/www.messinaoggi.it\/website\/wp-json\/wp\/v2\/tags?post=202703"}],"curies":[{"name":"wp","href":"https:\/\/api.w.org\/{rel}","templated":true}]}}