{"id":202699,"date":"2024-06-26T17:08:02","date_gmt":"2024-06-26T15:08:02","guid":{"rendered":"https:\/\/www.messinaoggi.it\/website\/2024\/06\/26\/sanita-pelissero-aiop-dare-risposte-a-cronicita-e-invecchiamento\/"},"modified":"2024-06-26T17:08:02","modified_gmt":"2024-06-26T15:08:02","slug":"sanita-pelissero-aiop-dare-risposte-a-cronicita-e-invecchiamento","status":"publish","type":"post","link":"https:\/\/www.messinaoggi.it\/website\/2024\/06\/26\/sanita-pelissero-aiop-dare-risposte-a-cronicita-e-invecchiamento\/","title":{"rendered":"Sanit\u00e0, Pelissero (Aiop) \u201cDare risposte a cronicit\u00e0 e invecchiamento\u201d"},"content":{"rendered":"<div>MILANO (ITALPRESS) &#8211; &#8220;Costruire una sanit\u00e0 che risponda richiede un&#8217;organizzazione che va messa in piedi&#8221;. L&#8217;idea alla base delle misure approvate alcune settimane fa dal Consiglio dei ministri &#8220;\u00e8 quella di erogare pi\u00f9 prestazioni sanitarie a fronte di una domanda&#8221;, ma \u00e8 &#8220;importante cercare finalmente di capire&#8221; se e quanto \u00e8 critico il fenomeno delle liste d&#8217;attesa, &#8220;perch\u00e8 non c&#8217;\u00e8 un dato nazionale serio e certificato che ci dica quante sono le criticit\u00e0. Bisogna uscire dagli slogan&#8221;. Lo ha detto il nuovo presidente dell&#8217;Associazione Italiana Ospedalit\u00e0 Privata (AIOP), Gabriele Pelissero, intervistato da Claudio Brachino per la rubrica &#8220;Primo Piano&#8221; dell&#8217;agenzia Italpress. &#8220;Probabilmente ci sono delle difficolt\u00e0&#8221;, ma &#8220;non c&#8217;\u00e8 paese europeo che abbia un sistema di welfare evoluto che non abbia problemi a far combaciare la domanda e l&#8217;offerta&#8221;, ha spiegato. Ma ci sono anche dei problemi organizzativi: &#8220;Abbiamo una elevata quantit\u00e0 di prenotazioni &#8211; il 20-30% di tutte quelle che vengono fatte &#8211; a fronte delle quali il paziente non si presenta. Bisogna conoscere meglio&#8221; questo fenomeno e, nei provvedimenti del governo, &#8220;ci sono dei segnali, come ad esempio l&#8217;osservatorio che finalmente dovrebbe darci uno strumento per capire quali sono i bisogni&#8221;, ha ricordato. <br \/>Poi &#8220;abbiamo certamente dei problemi di sistema perch\u00e8 nei decenni scorsi l&#8217;Italia ha sbagliato la programmazione degli specialisti medici: soprattutto in alcune specialit\u00e0, non produciamo specialisti in modo sufficiente rispetto alla domanda e questo \u00e8 un problema che richieder\u00e0 degli anni per essere risolto. C&#8217;\u00e8 anche un problema di tariffe perch\u00e8 la tariffazione, cio\u00e8 ci\u00f2 che lo Stato mette per erogare queste prestazioni, in molte realt\u00e0 \u00e8 scesa troppo&#8221;. Quindi quella individuata dal governo \u00e8 la strada giusta? &#8220;E&#8217; un primo passo. Se verr\u00e0 sviluppato a breve con il disegno di legge e anche con un p\u00f2 di finanziamenti, sicuramente \u00e8 una strada. Sono 10 anni che i governi definanziano la sanit\u00e0, \u00e8 una buona cosa se ci si rimette dentro qualcosa&#8221;, ha sottolineato Pelissero.<br \/>&#8220;In Europa tutti i sistemi di welfare fanno fatica, perch\u00e8 sono stati pensati 40-50 anni fa, quando quello che si poteva fare \u00e8 infinitamente meno rispetto a quello che si pu\u00f2 fare oggi. Questa per\u00f2 \u00e8 una scelta politica di fondo: queste societ\u00e0 devono decidere quanto investire sul valore della salute e del benessere dei cittadini, questa \u00e8 la grande sfida&#8221;, ha sottolineato. &#8220;L&#8217;Europa &#8211; e l&#8217;Italia \u00e8 molto allineata &#8211; \u00e8 sicuramente il territorio nel mondo che si prende pi\u00f9 cura dei propri cittadini, lo fa discretamente. Abbiamo abbattuto drasticamente la mortalit\u00e0 infantile, la nostra speranza di vita \u00e8 elevata: gli indicatori fondamentali non sono affatto male. Ci sono delle disparit\u00e0 territoriali, si pu\u00f2 fare meglio&#8221; ma &#8220;se vogliamo fare una comparazione fra le cose reali, allora sicuramente questa sicuramente \u00e8 un&#8217;oasi felice&#8221;. <br \/>Come presidente Aiop, &#8220;l&#8217;obiettivo \u00e8 trovare le risorse per rinnovare i contratti di lavoro di circa 100.000 lavoratori su tutta la filiera&#8221;. L&#8217;Aiop rappresenta le strutture ospedaliere, socio sanitarie e territoriali di diritto privato del Servizio sanitario nazionale e le realt\u00e0 operanti nel campo del privato puro. &#8220;Dobbiamo dare una risposta alla cronicit\u00e0, all&#8217;invecchiamento della popolazione e al cambiamento della struttura delle famiglie in questo paese, dove la famiglia individuale diventa sempre pi\u00f9 frequente: una fetta importante della popolazione ha bisogno di pi\u00f9 presenza, sostegno e aiuto. La residenzialit\u00e0 sanitaria non \u00e8 l&#8217;unica soluzione possibile, per\u00f2 \u00e8 una soluzione importante e significativa: oggi abbiamo un grande sviluppo &#8211; soprattutto nell&#8217;Italia del Nord e del Centro &#8211; della residenzialit\u00e0 che unisce i servizi alla persona (l&#8217;alimentazione, la pulizia, la socialit\u00e0) con una parte che diventa sempre pi\u00f9 importante dal punto di vista sanitario. L&#8217;ospedale non \u00e8 la struttura adatta per fare queste cose: la risposta sul benessere e sulla salute della persona deve essere completa&#8221; e &#8220;la nostra associazione ha lavorato per mettere insieme tutto questo&#8221;, ha spiegato Pelissero. &#8220;Le nostre strutture sono integrate nel Servizio Sanitario Nazionale, ci si va con la tessera sanitaria sia per fare la visita medica, sia per un ricovero. Il cittadino non ha la minima percezione del fatto che esistono un 28-30% di prestazioni di ricovero ospedaliero che sono erogate da enti che non sono di propriet\u00e0 pubblica, ma sono convenzionati. C&#8217;\u00e8 una divaricazione di linguaggio e di percezione fra gli utilizzatori&#8221; del servizio &#8220;rispetto invece al dibattito politico, dove l&#8217;ideologia \u00e8 assolutamente dominante: la cosa divertente \u00e8 che poi anche chi &#8220;strilla&#8221; contro il privato, quando governa, invece, lo usa tantissimo&#8221;. <br \/>-foto Italpress-<br \/>(ITALPRESS).<\/div>\n<div id=\"div-gpt-ad-Messinaoggi.it-DSK-300x250-corpoart\" style=\"text-align:center;margin:0 auto;\"><\/div><\/p><div id=\"videoincontent\" style=\"clear:both\";><\/div>","protected":false},"excerpt":{"rendered":"<p>MILANO (ITALPRESS) &#8211; &#8220;Costruire una sanit\u00e0 che risponda richiede un&#8217;organizzazione che va messa in piedi&#8221;. L&#8217;idea alla base delle misure approvate alcune settimane fa dal Consiglio dei ministri &#8220;\u00e8 quella di erogare pi\u00f9 prestazioni sanitarie a fronte di una domanda&#8221;, ma \u00e8 &#8220;importante cercare finalmente di capire&#8221; se e quanto \u00e8 critico il fenomeno delle [&hellip;]<\/p>\n","protected":false},"author":18,"featured_media":202700,"comment_status":"closed","ping_status":"closed","sticky":false,"template":"","format":"standard","meta":{"ub_ctt_via":"","_mi_skip_tracking":false},"categories":[446],"tags":[783],"featured_image_src":"https:\/\/www.messinaoggi.it\/website\/wp-content\/uploads\/2024\/06\/20240626_0604.jpg","author_info":{"display_name":"Admin","author_link":"https:\/\/www.messinaoggi.it\/website\/author\/admin\/"},"digistream_id":0,"digistream":false,"_links":{"self":[{"href":"https:\/\/www.messinaoggi.it\/website\/wp-json\/wp\/v2\/posts\/202699"}],"collection":[{"href":"https:\/\/www.messinaoggi.it\/website\/wp-json\/wp\/v2\/posts"}],"about":[{"href":"https:\/\/www.messinaoggi.it\/website\/wp-json\/wp\/v2\/types\/post"}],"author":[{"embeddable":true,"href":"https:\/\/www.messinaoggi.it\/website\/wp-json\/wp\/v2\/users\/18"}],"replies":[{"embeddable":true,"href":"https:\/\/www.messinaoggi.it\/website\/wp-json\/wp\/v2\/comments?post=202699"}],"version-history":[{"count":0,"href":"https:\/\/www.messinaoggi.it\/website\/wp-json\/wp\/v2\/posts\/202699\/revisions"}],"wp:featuredmedia":[{"embeddable":true,"href":"https:\/\/www.messinaoggi.it\/website\/wp-json\/wp\/v2\/media\/202700"}],"wp:attachment":[{"href":"https:\/\/www.messinaoggi.it\/website\/wp-json\/wp\/v2\/media?parent=202699"}],"wp:term":[{"taxonomy":"category","embeddable":true,"href":"https:\/\/www.messinaoggi.it\/website\/wp-json\/wp\/v2\/categories?post=202699"},{"taxonomy":"post_tag","embeddable":true,"href":"https:\/\/www.messinaoggi.it\/website\/wp-json\/wp\/v2\/tags?post=202699"}],"curies":[{"name":"wp","href":"https:\/\/api.w.org\/{rel}","templated":true}]}}